{"id":1602,"date":"2021-02-08T19:36:30","date_gmt":"2021-02-08T19:36:30","guid":{"rendered":"https:\/\/ricardodecastro.com\/?p=1602"},"modified":"2021-06-07T00:56:47","modified_gmt":"2021-06-07T00:56:47","slug":"plaza-campestre","status":"publish","type":"post","link":"https:\/\/ricardodecastro.com\/esp\/plaza-campestre\/","title":{"rendered":"Plaza campestre"},"content":{"rendered":"<div class=\"wp-block-columns has-background is-layout-flex wp-container-core-columns-is-layout-9d6595d7 wp-block-columns-is-layout-flex\" style=\"background-color:#f2f2f2\">\n<div class=\"wp-block-column is-layout-flow wp-block-column-is-layout-flow\">\n<p class=\"translation-block\"><strong>RETO:<\/strong> Mantener la vista al mar usando la cota m\u00e1s alta del terreno haciendo posible el acceso vehicular y peatonal a trav\u00e9s de rampas.<\/p>\n<\/div>\n\n\n\n<div class=\"wp-block-column is-layout-flow wp-block-column-is-layout-flow\">\n<p class=\"translation-block\"><strong>SOLUCI\u00d3N: <\/strong>Aprovechando la topograf\u00eda del lote se dise\u00f1a una casa que apoya gran parte de su estructura principal en el terreno natural y deja en voladizo todo el frente de la casa creando una vista panor\u00e1mica \u00fanica con jardines internos que se integran con el dise\u00f1o de paisajismo del proyecto.<\/p>\n<\/div>\n<\/div>\n\n\n\n<p>El centro comercial Plaza Campestre, es un proyecto de arquitectura comercial que consta en total de 7608 m2, ubicado en la ciudad de Barranquilla, Colombia. Es un edificio semi-abierto de uso mixto, que cuenta con espacios de locales comerciales, restaurantes y espacios p\u00fablicos que se conciben como un punto de encuentro e interacci\u00f3n social.<\/p>\n\n\n\n<p>El proyecto de dise\u00f1o se aborda desde la selecci\u00f3n de acabados para las fachadas, pisos y pavimentos, donde predominan el uso de materiales c\u00e1lidos con acabados tipo madera combinados con antepechos en aluminio y vidrio. Al estar organizado volum\u00e9tricamente entorno al parqueadero,  el dise\u00f1o del pavimento es parte fundamental de la est\u00e9tica del espacio, por esta raz\u00f3n, se dise\u00f1a un patr\u00f3n con l\u00edneas org\u00e1nicas en concreto permeable en tonalidades verdes y grises; este material no solo aporta caracter\u00edsticas visuales sino que permite el buen manejo de las aguas pluviales, filtr\u00e1ndolas al terreno y recogi\u00e9ndolas para ser despu\u00e9s aprovechadas en el riego de las \u00e1reas verdes.<\/p>\n\n\n\n<p>Otro elemento a resaltar en este proyecto es el dise\u00f1o de la cubierta, la cual responde a  un patr\u00f3n geom\u00e9trico generado a partir del logo del centro comercial dando como resultado una malla permeable que tamiza el paso de la luz solar y disminuye las grandes temperaturas del exterior.<\/p>\n\n\n\n<figure class=\"wp-block-gallery columns-3 is-cropped wp-block-gallery-1 is-layout-flex wp-block-gallery-is-layout-flex\"><ul class=\"blocks-gallery-grid\"><li class=\"blocks-gallery-item\"><figure><a href=\"http:\/\/ricardodecastro.com\/wp-content\/uploads\/2021\/02\/01-Plaza-Campestre_Anteproyecto.jpg\"><img fetchpriority=\"high\" decoding=\"async\" width=\"1024\" height=\"576\" src=\"http:\/\/ricardodecastro.com\/wp-content\/uploads\/2021\/02\/01-Plaza-Campestre_Anteproyecto-1024x576.jpg\" alt=\"\" data-id=\"1603\" data-full-url=\"http:\/\/ricardodecastro.com\/wp-content\/uploads\/2021\/02\/01-Plaza-Campestre_Anteproyecto.jpg\" data-link=\"https:\/\/ricardodecastro.com\/plaza-campestre\/01-plaza-campestre_anteproyecto\/#main\" class=\"wp-image-1603\" srcset=\"https:\/\/ricardodecastro.com\/wp-content\/uploads\/2021\/02\/01-Plaza-Campestre_Anteproyecto-1024x576.jpg 1024w, https:\/\/ricardodecastro.com\/wp-content\/uploads\/2021\/02\/01-Plaza-Campestre_Anteproyecto-300x169.jpg 300w, https:\/\/ricardodecastro.com\/wp-content\/uploads\/2021\/02\/01-Plaza-Campestre_Anteproyecto-768x432.jpg 768w, https:\/\/ricardodecastro.com\/wp-content\/uploads\/2021\/02\/01-Plaza-Campestre_Anteproyecto-1536x864.jpg 1536w, https:\/\/ricardodecastro.com\/wp-content\/uploads\/2021\/02\/01-Plaza-Campestre_Anteproyecto-16x9.jpg 16w, https:\/\/ricardodecastro.com\/wp-content\/uploads\/2021\/02\/01-Plaza-Campestre_Anteproyecto.jpg 1920w\" sizes=\"(max-width: 1024px) 100vw, 1024px\" \/><\/a><\/figure><\/li><li class=\"blocks-gallery-item\"><figure><a href=\"http:\/\/ricardodecastro.com\/wp-content\/uploads\/2021\/02\/02-Plaza-Campestre_Anteproyecto.jpg\"><img decoding=\"async\" width=\"1024\" height=\"576\" src=\"http:\/\/ricardodecastro.com\/wp-content\/uploads\/2021\/02\/02-Plaza-Campestre_Anteproyecto-1024x576.jpg\" alt=\"\" data-id=\"1604\" data-full-url=\"http:\/\/ricardodecastro.com\/wp-content\/uploads\/2021\/02\/02-Plaza-Campestre_Anteproyecto.jpg\" data-link=\"https:\/\/ricardodecastro.com\/plaza-campestre\/02-plaza-campestre_anteproyecto\/#main\" class=\"wp-image-1604\" srcset=\"https:\/\/ricardodecastro.com\/wp-content\/uploads\/2021\/02\/02-Plaza-Campestre_Anteproyecto-1024x576.jpg 1024w, https:\/\/ricardodecastro.com\/wp-content\/uploads\/2021\/02\/02-Plaza-Campestre_Anteproyecto-300x169.jpg 300w, https:\/\/ricardodecastro.com\/wp-content\/uploads\/2021\/02\/02-Plaza-Campestre_Anteproyecto-768x432.jpg 768w, https:\/\/ricardodecastro.com\/wp-content\/uploads\/2021\/02\/02-Plaza-Campestre_Anteproyecto-1536x864.jpg 1536w, https:\/\/ricardodecastro.com\/wp-content\/uploads\/2021\/02\/02-Plaza-Campestre_Anteproyecto-16x9.jpg 16w, https:\/\/ricardodecastro.com\/wp-content\/uploads\/2021\/02\/02-Plaza-Campestre_Anteproyecto.jpg 1920w\" sizes=\"(max-width: 1024px) 100vw, 1024px\" \/><\/a><\/figure><\/li><li class=\"blocks-gallery-item\"><figure><a href=\"http:\/\/ricardodecastro.com\/wp-content\/uploads\/2021\/02\/03-Plaza-Campestre_Anteproyecto.jpg\"><img decoding=\"async\" width=\"1024\" height=\"576\" src=\"http:\/\/ricardodecastro.com\/wp-content\/uploads\/2021\/02\/03-Plaza-Campestre_Anteproyecto-1024x576.jpg\" alt=\"\" data-id=\"1605\" data-full-url=\"http:\/\/ricardodecastro.com\/wp-content\/uploads\/2021\/02\/03-Plaza-Campestre_Anteproyecto.jpg\" data-link=\"https:\/\/ricardodecastro.com\/plaza-campestre\/03-plaza-campestre_anteproyecto\/#main\" class=\"wp-image-1605\" srcset=\"https:\/\/ricardodecastro.com\/wp-content\/uploads\/2021\/02\/03-Plaza-Campestre_Anteproyecto-1024x576.jpg 1024w, https:\/\/ricardodecastro.com\/wp-content\/uploads\/2021\/02\/03-Plaza-Campestre_Anteproyecto-300x169.jpg 300w, https:\/\/ricardodecastro.com\/wp-content\/uploads\/2021\/02\/03-Plaza-Campestre_Anteproyecto-768x432.jpg 768w, https:\/\/ricardodecastro.com\/wp-content\/uploads\/2021\/02\/03-Plaza-Campestre_Anteproyecto-1536x864.jpg 1536w, https:\/\/ricardodecastro.com\/wp-content\/uploads\/2021\/02\/03-Plaza-Campestre_Anteproyecto-16x9.jpg 16w, https:\/\/ricardodecastro.com\/wp-content\/uploads\/2021\/02\/03-Plaza-Campestre_Anteproyecto.jpg 1920w\" sizes=\"(max-width: 1024px) 100vw, 1024px\" \/><\/a><\/figure><\/li><li class=\"blocks-gallery-item\"><figure><a href=\"http:\/\/ricardodecastro.com\/wp-content\/uploads\/2021\/02\/04-Plaza-Campestre_Anteproyecto.jpg\"><img loading=\"lazy\" decoding=\"async\" width=\"1024\" height=\"576\" src=\"http:\/\/ricardodecastro.com\/wp-content\/uploads\/2021\/02\/04-Plaza-Campestre_Anteproyecto-1024x576.jpg\" alt=\"\" data-id=\"1606\" data-full-url=\"http:\/\/ricardodecastro.com\/wp-content\/uploads\/2021\/02\/04-Plaza-Campestre_Anteproyecto.jpg\" data-link=\"https:\/\/ricardodecastro.com\/plaza-campestre\/04-plaza-campestre_anteproyecto\/#main\" class=\"wp-image-1606\" srcset=\"https:\/\/ricardodecastro.com\/wp-content\/uploads\/2021\/02\/04-Plaza-Campestre_Anteproyecto-1024x576.jpg 1024w, https:\/\/ricardodecastro.com\/wp-content\/uploads\/2021\/02\/04-Plaza-Campestre_Anteproyecto-300x169.jpg 300w, https:\/\/ricardodecastro.com\/wp-content\/uploads\/2021\/02\/04-Plaza-Campestre_Anteproyecto-768x432.jpg 768w, https:\/\/ricardodecastro.com\/wp-content\/uploads\/2021\/02\/04-Plaza-Campestre_Anteproyecto-1536x864.jpg 1536w, https:\/\/ricardodecastro.com\/wp-content\/uploads\/2021\/02\/04-Plaza-Campestre_Anteproyecto-16x9.jpg 16w, https:\/\/ricardodecastro.com\/wp-content\/uploads\/2021\/02\/04-Plaza-Campestre_Anteproyecto.jpg 1920w\" sizes=\"(max-width: 1024px) 100vw, 1024px\" \/><\/a><\/figure><\/li><\/ul><\/figure>","protected":false},"excerpt":{"rendered":"<p>The Plaza Campestre shopping center is a commercial architecture project that has a total of 7608 m2, located in the city of Barranquilla, Colombia. It is a semi-open mixed-use building, which has commercial premises, restaurants and public spaces that are conceived as a meeting point and social interaction. The design project is approached from the &#8230; <a title=\"Plaza campestre\" class=\"read-more\" href=\"https:\/\/ricardodecastro.com\/esp\/plaza-campestre\/\" aria-label=\"Leer m\u00e1s sobre Plaza campestre\">Leer m\u00e1s<\/a><\/p>","protected":false},"author":1,"featured_media":1603,"comment_status":"closed","ping_status":"open","sticky":false,"template":"","format":"standard","meta":{"_acf_changed":false,"footnotes":""},"categories":[5],"tags":[14],"class_list":["post-1602","post","type-post","status-publish","format-standard","has-post-thumbnail","hentry","category-commercial","tag-centro-comercial"],"acf":[],"yoast_head":"<!-- This site is optimized with the Yoast SEO plugin v27.1.1 - https:\/\/yoast.com\/product\/yoast-seo-wordpress\/ -->\n<title>Plaza campestre - Ricardo de Castro<\/title>\n<meta name=\"robots\" content=\"index, follow, max-snippet:-1, max-image-preview:large, max-video-preview:-1\" \/>\n<link rel=\"canonical\" href=\"https:\/\/ricardodecastro.com\/esp\/plaza-campestre\/\" \/>\n<meta property=\"og:locale\" content=\"es_ES\" \/>\n<meta property=\"og:type\" content=\"article\" \/>\n<meta property=\"og:title\" content=\"Plaza campestre - Ricardo de Castro\" \/>\n<meta property=\"og:description\" content=\"The Plaza Campestre shopping center is a commercial architecture project that has a total of 7608 m2, located in the city of Barranquilla, Colombia. It is a semi-open mixed-use building, which has commercial premises, restaurants and public spaces that are conceived as a meeting point and social interaction. The design project is approached from the ... Leer m\u00e1s\" \/>\n<meta property=\"og:url\" content=\"https:\/\/ricardodecastro.com\/esp\/plaza-campestre\/\" \/>\n<meta property=\"og:site_name\" content=\"Ricardo de Castro\" \/>\n<meta property=\"article:publisher\" content=\"https:\/\/www.facebook.com\/Ricardo-De-Castro-Arquitectura-Interiores-501964786482241\/\" \/>\n<meta property=\"article:published_time\" content=\"2021-02-08T19:36:30+00:00\" \/>\n<meta property=\"article:modified_time\" content=\"2021-06-07T00:56:47+00:00\" \/>\n<meta property=\"og:image\" content=\"https:\/\/ricardodecastro.com\/wp-content\/uploads\/2021\/02\/01-Plaza-Campestre_Anteproyecto.jpg\" \/>\n\t<meta property=\"og:image:width\" content=\"1920\" \/>\n\t<meta property=\"og:image:height\" content=\"1080\" \/>\n\t<meta property=\"og:image:type\" content=\"image\/jpeg\" \/>\n<meta name=\"author\" content=\"bmoreno\" \/>\n<meta name=\"twitter:card\" content=\"summary_large_image\" \/>\n<meta name=\"twitter:label1\" content=\"Escrito por\" \/>\n\t<meta name=\"twitter:data1\" content=\"bmoreno\" \/>\n\t<meta name=\"twitter:label2\" content=\"Tiempo de lectura\" \/>\n\t<meta name=\"twitter:data2\" content=\"1 minuto\" \/>\n<script type=\"application\/ld+json\" class=\"yoast-schema-graph\">{\"@context\":\"https:\/\/schema.org\",\"@graph\":[{\"@type\":\"Article\",\"@id\":\"https:\/\/ricardodecastro.com\/plaza-campestre\/#article\",\"isPartOf\":{\"@id\":\"https:\/\/ricardodecastro.com\/plaza-campestre\/\"},\"author\":{\"name\":\"bmoreno\",\"@id\":\"https:\/\/ricardodecastro.com\/#\/schema\/person\/095a189f47ebbb7df3ce63e832b4eaf8\"},\"headline\":\"Plaza campestre\",\"datePublished\":\"2021-02-08T19:36:30+00:00\",\"dateModified\":\"2021-06-07T00:56:47+00:00\",\"mainEntityOfPage\":{\"@id\":\"https:\/\/ricardodecastro.com\/plaza-campestre\/\"},\"wordCount\":198,\"publisher\":{\"@id\":\"https:\/\/ricardodecastro.com\/#organization\"},\"image\":{\"@id\":\"https:\/\/ricardodecastro.com\/plaza-campestre\/#primaryimage\"},\"thumbnailUrl\":\"https:\/\/ricardodecastro.com\/wp-content\/uploads\/2021\/02\/01-Plaza-Campestre_Anteproyecto.jpg\",\"keywords\":[\"Centro Comercial\"],\"articleSection\":[\"Commercial\"],\"inLanguage\":\"es\"},{\"@type\":\"WebPage\",\"@id\":\"https:\/\/ricardodecastro.com\/plaza-campestre\/\",\"url\":\"https:\/\/ricardodecastro.com\/plaza-campestre\/\",\"name\":\"Plaza campestre - Ricardo de Castro\",\"isPartOf\":{\"@id\":\"https:\/\/ricardodecastro.com\/#website\"},\"primaryImageOfPage\":{\"@id\":\"https:\/\/ricardodecastro.com\/plaza-campestre\/#primaryimage\"},\"image\":{\"@id\":\"https:\/\/ricardodecastro.com\/plaza-campestre\/#primaryimage\"},\"thumbnailUrl\":\"https:\/\/ricardodecastro.com\/wp-content\/uploads\/2021\/02\/01-Plaza-Campestre_Anteproyecto.jpg\",\"datePublished\":\"2021-02-08T19:36:30+00:00\",\"dateModified\":\"2021-06-07T00:56:47+00:00\",\"breadcrumb\":{\"@id\":\"https:\/\/ricardodecastro.com\/plaza-campestre\/#breadcrumb\"},\"inLanguage\":\"es\",\"potentialAction\":[{\"@type\":\"ReadAction\",\"target\":[\"https:\/\/ricardodecastro.com\/plaza-campestre\/\"]}]},{\"@type\":\"ImageObject\",\"inLanguage\":\"es\",\"@id\":\"https:\/\/ricardodecastro.com\/plaza-campestre\/#primaryimage\",\"url\":\"https:\/\/ricardodecastro.com\/wp-content\/uploads\/2021\/02\/01-Plaza-Campestre_Anteproyecto.jpg\",\"contentUrl\":\"https:\/\/ricardodecastro.com\/wp-content\/uploads\/2021\/02\/01-Plaza-Campestre_Anteproyecto.jpg\",\"width\":1920,\"height\":1080},{\"@type\":\"BreadcrumbList\",\"@id\":\"https:\/\/ricardodecastro.com\/plaza-campestre\/#breadcrumb\",\"itemListElement\":[{\"@type\":\"ListItem\",\"position\":1,\"name\":\"Home\",\"item\":\"https:\/\/ricardodecastro.com\/\"},{\"@type\":\"ListItem\",\"position\":2,\"name\":\"Plaza campestre\"}]},{\"@type\":\"WebSite\",\"@id\":\"https:\/\/ricardodecastro.com\/#website\",\"url\":\"https:\/\/ricardodecastro.com\/\",\"name\":\"Ricardo de Castro\",\"description\":\"Arquitectos\",\"publisher\":{\"@id\":\"https:\/\/ricardodecastro.com\/#organization\"},\"potentialAction\":[{\"@type\":\"SearchAction\",\"target\":{\"@type\":\"EntryPoint\",\"urlTemplate\":\"https:\/\/ricardodecastro.com\/?s={search_term_string}\"},\"query-input\":{\"@type\":\"PropertyValueSpecification\",\"valueRequired\":true,\"valueName\":\"search_term_string\"}}],\"inLanguage\":\"es\"},{\"@type\":\"Organization\",\"@id\":\"https:\/\/ricardodecastro.com\/#organization\",\"name\":\"Ricardo de Castro\",\"url\":\"https:\/\/ricardodecastro.com\/\",\"logo\":{\"@type\":\"ImageObject\",\"inLanguage\":\"es\",\"@id\":\"https:\/\/ricardodecastro.com\/#\/schema\/logo\/image\/\",\"url\":\"https:\/\/ricardodecastro.com\/wp-content\/uploads\/2021\/01\/firma-con-textos-abajo.png\",\"contentUrl\":\"https:\/\/ricardodecastro.com\/wp-content\/uploads\/2021\/01\/firma-con-textos-abajo.png\",\"width\":758,\"height\":133,\"caption\":\"Ricardo de Castro\"},\"image\":{\"@id\":\"https:\/\/ricardodecastro.com\/#\/schema\/logo\/image\/\"},\"sameAs\":[\"https:\/\/www.facebook.com\/Ricardo-De-Castro-Arquitectura-Interiores-501964786482241\/\",\"https:\/\/www.instagram.com\/decastroricardo\/\"]},{\"@type\":\"Person\",\"@id\":\"https:\/\/ricardodecastro.com\/#\/schema\/person\/095a189f47ebbb7df3ce63e832b4eaf8\",\"name\":\"bmoreno\",\"image\":{\"@type\":\"ImageObject\",\"inLanguage\":\"es\",\"@id\":\"https:\/\/ricardodecastro.com\/#\/schema\/person\/image\/\",\"url\":\"https:\/\/ricardodecastro.com\/wp-content\/litespeed\/avatar\/5d31df51d2df3a2a693db780f60bf9f0.jpg?ver=1777575651\",\"contentUrl\":\"https:\/\/ricardodecastro.com\/wp-content\/litespeed\/avatar\/5d31df51d2df3a2a693db780f60bf9f0.jpg?ver=1777575651\",\"caption\":\"bmoreno\"},\"sameAs\":[\"https:\/\/ricardodecastro.com\"]}]}<\/script>\n<!-- \/ Yoast SEO plugin. -->","yoast_head_json":{"title":"Plaza campestre - Ricardo de Castro","robots":{"index":"index","follow":"follow","max-snippet":"max-snippet:-1","max-image-preview":"max-image-preview:large","max-video-preview":"max-video-preview:-1"},"canonical":"https:\/\/ricardodecastro.com\/esp\/plaza-campestre\/","og_locale":"es_ES","og_type":"article","og_title":"Plaza campestre - Ricardo de Castro","og_description":"The Plaza Campestre shopping center is a commercial architecture project that has a total of 7608 m2, located in the city of Barranquilla, Colombia. It is a semi-open mixed-use building, which has commercial premises, restaurants and public spaces that are conceived as a meeting point and social interaction. The design project is approached from the ... Leer m\u00e1s","og_url":"https:\/\/ricardodecastro.com\/esp\/plaza-campestre\/","og_site_name":"Ricardo de Castro","article_publisher":"https:\/\/www.facebook.com\/Ricardo-De-Castro-Arquitectura-Interiores-501964786482241\/","article_published_time":"2021-02-08T19:36:30+00:00","article_modified_time":"2021-06-07T00:56:47+00:00","og_image":[{"width":1920,"height":1080,"url":"https:\/\/ricardodecastro.com\/wp-content\/uploads\/2021\/02\/01-Plaza-Campestre_Anteproyecto.jpg","type":"image\/jpeg"}],"author":"bmoreno","twitter_card":"summary_large_image","twitter_misc":{"Escrito por":"bmoreno","Tiempo de lectura":"1 minuto"},"schema":{"@context":"https:\/\/schema.org","@graph":[{"@type":"Article","@id":"https:\/\/ricardodecastro.com\/plaza-campestre\/#article","isPartOf":{"@id":"https:\/\/ricardodecastro.com\/plaza-campestre\/"},"author":{"name":"bmoreno","@id":"https:\/\/ricardodecastro.com\/#\/schema\/person\/095a189f47ebbb7df3ce63e832b4eaf8"},"headline":"Plaza campestre","datePublished":"2021-02-08T19:36:30+00:00","dateModified":"2021-06-07T00:56:47+00:00","mainEntityOfPage":{"@id":"https:\/\/ricardodecastro.com\/plaza-campestre\/"},"wordCount":198,"publisher":{"@id":"https:\/\/ricardodecastro.com\/#organization"},"image":{"@id":"https:\/\/ricardodecastro.com\/plaza-campestre\/#primaryimage"},"thumbnailUrl":"https:\/\/ricardodecastro.com\/wp-content\/uploads\/2021\/02\/01-Plaza-Campestre_Anteproyecto.jpg","keywords":["Centro Comercial"],"articleSection":["Commercial"],"inLanguage":"es"},{"@type":"WebPage","@id":"https:\/\/ricardodecastro.com\/plaza-campestre\/","url":"https:\/\/ricardodecastro.com\/plaza-campestre\/","name":"Plaza campestre - Ricardo de Castro","isPartOf":{"@id":"https:\/\/ricardodecastro.com\/#website"},"primaryImageOfPage":{"@id":"https:\/\/ricardodecastro.com\/plaza-campestre\/#primaryimage"},"image":{"@id":"https:\/\/ricardodecastro.com\/plaza-campestre\/#primaryimage"},"thumbnailUrl":"https:\/\/ricardodecastro.com\/wp-content\/uploads\/2021\/02\/01-Plaza-Campestre_Anteproyecto.jpg","datePublished":"2021-02-08T19:36:30+00:00","dateModified":"2021-06-07T00:56:47+00:00","breadcrumb":{"@id":"https:\/\/ricardodecastro.com\/plaza-campestre\/#breadcrumb"},"inLanguage":"es","potentialAction":[{"@type":"ReadAction","target":["https:\/\/ricardodecastro.com\/plaza-campestre\/"]}]},{"@type":"ImageObject","inLanguage":"es","@id":"https:\/\/ricardodecastro.com\/plaza-campestre\/#primaryimage","url":"https:\/\/ricardodecastro.com\/wp-content\/uploads\/2021\/02\/01-Plaza-Campestre_Anteproyecto.jpg","contentUrl":"https:\/\/ricardodecastro.com\/wp-content\/uploads\/2021\/02\/01-Plaza-Campestre_Anteproyecto.jpg","width":1920,"height":1080},{"@type":"BreadcrumbList","@id":"https:\/\/ricardodecastro.com\/plaza-campestre\/#breadcrumb","itemListElement":[{"@type":"ListItem","position":1,"name":"Home","item":"https:\/\/ricardodecastro.com\/"},{"@type":"ListItem","position":2,"name":"Plaza campestre"}]},{"@type":"WebSite","@id":"https:\/\/ricardodecastro.com\/#website","url":"https:\/\/ricardodecastro.com\/","name":"Ricardo de Castro","description":"Arquitectos","publisher":{"@id":"https:\/\/ricardodecastro.com\/#organization"},"potentialAction":[{"@type":"SearchAction","target":{"@type":"EntryPoint","urlTemplate":"https:\/\/ricardodecastro.com\/?s={search_term_string}"},"query-input":{"@type":"PropertyValueSpecification","valueRequired":true,"valueName":"search_term_string"}}],"inLanguage":"es"},{"@type":"Organization","@id":"https:\/\/ricardodecastro.com\/#organization","name":"Ricardo de Castro","url":"https:\/\/ricardodecastro.com\/","logo":{"@type":"ImageObject","inLanguage":"es","@id":"https:\/\/ricardodecastro.com\/#\/schema\/logo\/image\/","url":"https:\/\/ricardodecastro.com\/wp-content\/uploads\/2021\/01\/firma-con-textos-abajo.png","contentUrl":"https:\/\/ricardodecastro.com\/wp-content\/uploads\/2021\/01\/firma-con-textos-abajo.png","width":758,"height":133,"caption":"Ricardo de Castro"},"image":{"@id":"https:\/\/ricardodecastro.com\/#\/schema\/logo\/image\/"},"sameAs":["https:\/\/www.facebook.com\/Ricardo-De-Castro-Arquitectura-Interiores-501964786482241\/","https:\/\/www.instagram.com\/decastroricardo\/"]},{"@type":"Person","@id":"https:\/\/ricardodecastro.com\/#\/schema\/person\/095a189f47ebbb7df3ce63e832b4eaf8","name":"bmoreno","image":{"@type":"ImageObject","inLanguage":"es","@id":"https:\/\/ricardodecastro.com\/#\/schema\/person\/image\/","url":"https:\/\/ricardodecastro.com\/wp-content\/litespeed\/avatar\/5d31df51d2df3a2a693db780f60bf9f0.jpg?ver=1777575651","contentUrl":"https:\/\/ricardodecastro.com\/wp-content\/litespeed\/avatar\/5d31df51d2df3a2a693db780f60bf9f0.jpg?ver=1777575651","caption":"bmoreno"},"sameAs":["https:\/\/ricardodecastro.com"]}]}},"_links":{"self":[{"href":"https:\/\/ricardodecastro.com\/esp\/wp-json\/wp\/v2\/posts\/1602","targetHints":{"allow":["GET"]}}],"collection":[{"href":"https:\/\/ricardodecastro.com\/esp\/wp-json\/wp\/v2\/posts"}],"about":[{"href":"https:\/\/ricardodecastro.com\/esp\/wp-json\/wp\/v2\/types\/post"}],"author":[{"embeddable":true,"href":"https:\/\/ricardodecastro.com\/esp\/wp-json\/wp\/v2\/users\/1"}],"replies":[{"embeddable":true,"href":"https:\/\/ricardodecastro.com\/esp\/wp-json\/wp\/v2\/comments?post=1602"}],"version-history":[{"count":6,"href":"https:\/\/ricardodecastro.com\/esp\/wp-json\/wp\/v2\/posts\/1602\/revisions"}],"predecessor-version":[{"id":3272,"href":"https:\/\/ricardodecastro.com\/esp\/wp-json\/wp\/v2\/posts\/1602\/revisions\/3272"}],"wp:featuredmedia":[{"embeddable":true,"href":"https:\/\/ricardodecastro.com\/esp\/wp-json\/wp\/v2\/media\/1603"}],"wp:attachment":[{"href":"https:\/\/ricardodecastro.com\/esp\/wp-json\/wp\/v2\/media?parent=1602"}],"wp:term":[{"taxonomy":"category","embeddable":true,"href":"https:\/\/ricardodecastro.com\/esp\/wp-json\/wp\/v2\/categories?post=1602"},{"taxonomy":"post_tag","embeddable":true,"href":"https:\/\/ricardodecastro.com\/esp\/wp-json\/wp\/v2\/tags?post=1602"}],"curies":[{"name":"wp","href":"https:\/\/api.w.org\/{rel}","templated":true}]}}