{"id":1735,"date":"2021-02-11T23:55:20","date_gmt":"2021-02-11T23:55:20","guid":{"rendered":"https:\/\/ricardodecastro.com\/?p=1735"},"modified":"2021-06-05T19:04:30","modified_gmt":"2021-06-05T19:04:30","slug":"villa-a-estrada","status":"publish","type":"post","link":"https:\/\/ricardodecastro.com\/esp\/villa-a-estrada\/","title":{"rendered":"Villa A Estrada"},"content":{"rendered":"<p>Villa A Estrada es una casa de arquitectura mediterr\u00e1nea e interiores ecl\u00e9cticos dise\u00f1ada para suplir todas las comodidades propias de una villa campestre.<\/p>\n\n\n\n<figure class=\"wp-block-gallery columns-3 is-cropped wp-block-gallery-1 is-layout-flex wp-block-gallery-is-layout-flex\"><ul class=\"blocks-gallery-grid\"><li class=\"blocks-gallery-item\"><figure><img fetchpriority=\"high\" decoding=\"async\" width=\"1024\" height=\"683\" src=\"https:\/\/ricardodecastro.com\/wp-content\/uploads\/2021\/03\/villa-estrada-01-1024x683.jpg\" alt=\"\" data-id=\"2902\" data-full-url=\"https:\/\/ricardodecastro.com\/wp-content\/uploads\/2021\/03\/villa-estrada-01.jpg\" data-link=\"https:\/\/ricardodecastro.com\/villa-a-estrada\/villa-estrada-01-2\/#main\" class=\"wp-image-2902\" srcset=\"https:\/\/ricardodecastro.com\/wp-content\/uploads\/2021\/03\/villa-estrada-01-1024x683.jpg 1024w, https:\/\/ricardodecastro.com\/wp-content\/uploads\/2021\/03\/villa-estrada-01-300x200.jpg 300w, https:\/\/ricardodecastro.com\/wp-content\/uploads\/2021\/03\/villa-estrada-01-768x512.jpg 768w, https:\/\/ricardodecastro.com\/wp-content\/uploads\/2021\/03\/villa-estrada-01-1536x1024.jpg 1536w, https:\/\/ricardodecastro.com\/wp-content\/uploads\/2021\/03\/villa-estrada-01-16x12.jpg 16w, https:\/\/ricardodecastro.com\/wp-content\/uploads\/2021\/03\/villa-estrada-01.jpg 1920w\" sizes=\"(max-width: 1024px) 100vw, 1024px\" \/><\/figure><\/li><li class=\"blocks-gallery-item\"><figure><img decoding=\"async\" width=\"1024\" height=\"641\" src=\"https:\/\/ricardodecastro.com\/wp-content\/uploads\/2021\/03\/villa-estrada-02-1024x641.jpg\" alt=\"\" data-id=\"2903\" data-full-url=\"https:\/\/ricardodecastro.com\/wp-content\/uploads\/2021\/03\/villa-estrada-02.jpg\" data-link=\"https:\/\/ricardodecastro.com\/villa-a-estrada\/villa-estrada-02-2\/#main\" class=\"wp-image-2903\" srcset=\"https:\/\/ricardodecastro.com\/wp-content\/uploads\/2021\/03\/villa-estrada-02-1024x641.jpg 1024w, https:\/\/ricardodecastro.com\/wp-content\/uploads\/2021\/03\/villa-estrada-02-300x188.jpg 300w, https:\/\/ricardodecastro.com\/wp-content\/uploads\/2021\/03\/villa-estrada-02-768x481.jpg 768w, https:\/\/ricardodecastro.com\/wp-content\/uploads\/2021\/03\/villa-estrada-02-1536x962.jpg 1536w, https:\/\/ricardodecastro.com\/wp-content\/uploads\/2021\/03\/villa-estrada-02-16x10.jpg 16w, https:\/\/ricardodecastro.com\/wp-content\/uploads\/2021\/03\/villa-estrada-02.jpg 1920w\" sizes=\"(max-width: 1024px) 100vw, 1024px\" \/><\/figure><\/li><li class=\"blocks-gallery-item\"><figure><img decoding=\"async\" width=\"1024\" height=\"650\" src=\"https:\/\/ricardodecastro.com\/wp-content\/uploads\/2021\/03\/villa-estrada-03-1024x650.jpg\" alt=\"\" data-id=\"2904\" data-full-url=\"https:\/\/ricardodecastro.com\/wp-content\/uploads\/2021\/03\/villa-estrada-03.jpg\" data-link=\"https:\/\/ricardodecastro.com\/villa-a-estrada\/villa-estrada-03-2\/#main\" class=\"wp-image-2904\" srcset=\"https:\/\/ricardodecastro.com\/wp-content\/uploads\/2021\/03\/villa-estrada-03-1024x650.jpg 1024w, https:\/\/ricardodecastro.com\/wp-content\/uploads\/2021\/03\/villa-estrada-03-300x190.jpg 300w, https:\/\/ricardodecastro.com\/wp-content\/uploads\/2021\/03\/villa-estrada-03-768x488.jpg 768w, https:\/\/ricardodecastro.com\/wp-content\/uploads\/2021\/03\/villa-estrada-03-1536x975.jpg 1536w, https:\/\/ricardodecastro.com\/wp-content\/uploads\/2021\/03\/villa-estrada-03-16x10.jpg 16w, https:\/\/ricardodecastro.com\/wp-content\/uploads\/2021\/03\/villa-estrada-03.jpg 1920w\" sizes=\"(max-width: 1024px) 100vw, 1024px\" \/><\/figure><\/li><li class=\"blocks-gallery-item\"><figure><img loading=\"lazy\" decoding=\"async\" width=\"1024\" height=\"686\" src=\"https:\/\/ricardodecastro.com\/wp-content\/uploads\/2021\/03\/villa-estrada-04-1024x686.jpg\" alt=\"\" data-id=\"2905\" data-full-url=\"https:\/\/ricardodecastro.com\/wp-content\/uploads\/2021\/03\/villa-estrada-04.jpg\" data-link=\"https:\/\/ricardodecastro.com\/villa-a-estrada\/villa-estrada-04-2\/#main\" class=\"wp-image-2905\" srcset=\"https:\/\/ricardodecastro.com\/wp-content\/uploads\/2021\/03\/villa-estrada-04-1024x686.jpg 1024w, https:\/\/ricardodecastro.com\/wp-content\/uploads\/2021\/03\/villa-estrada-04-300x201.jpg 300w, https:\/\/ricardodecastro.com\/wp-content\/uploads\/2021\/03\/villa-estrada-04-768x515.jpg 768w, https:\/\/ricardodecastro.com\/wp-content\/uploads\/2021\/03\/villa-estrada-04-1536x1030.jpg 1536w, https:\/\/ricardodecastro.com\/wp-content\/uploads\/2021\/03\/villa-estrada-04-16x12.jpg 16w, https:\/\/ricardodecastro.com\/wp-content\/uploads\/2021\/03\/villa-estrada-04.jpg 1920w\" sizes=\"(max-width: 1024px) 100vw, 1024px\" \/><\/figure><\/li><li class=\"blocks-gallery-item\"><figure><img loading=\"lazy\" decoding=\"async\" width=\"1024\" height=\"561\" src=\"https:\/\/ricardodecastro.com\/wp-content\/uploads\/2021\/03\/villa-estrada-05-1024x561.jpg\" alt=\"\" data-id=\"2906\" data-full-url=\"https:\/\/ricardodecastro.com\/wp-content\/uploads\/2021\/03\/villa-estrada-05.jpg\" data-link=\"https:\/\/ricardodecastro.com\/villa-a-estrada\/villa-estrada-05\/#main\" class=\"wp-image-2906\" srcset=\"https:\/\/ricardodecastro.com\/wp-content\/uploads\/2021\/03\/villa-estrada-05-1024x561.jpg 1024w, https:\/\/ricardodecastro.com\/wp-content\/uploads\/2021\/03\/villa-estrada-05-300x164.jpg 300w, https:\/\/ricardodecastro.com\/wp-content\/uploads\/2021\/03\/villa-estrada-05-768x421.jpg 768w, https:\/\/ricardodecastro.com\/wp-content\/uploads\/2021\/03\/villa-estrada-05-1536x842.jpg 1536w, https:\/\/ricardodecastro.com\/wp-content\/uploads\/2021\/03\/villa-estrada-05-16x9.jpg 16w, https:\/\/ricardodecastro.com\/wp-content\/uploads\/2021\/03\/villa-estrada-05.jpg 1920w\" sizes=\"(max-width: 1024px) 100vw, 1024px\" \/><\/figure><\/li><li class=\"blocks-gallery-item\"><figure><img loading=\"lazy\" decoding=\"async\" width=\"1024\" height=\"549\" src=\"https:\/\/ricardodecastro.com\/wp-content\/uploads\/2021\/03\/villa-estrada-06-1024x549.jpg\" alt=\"\" data-id=\"2907\" data-full-url=\"https:\/\/ricardodecastro.com\/wp-content\/uploads\/2021\/03\/villa-estrada-06.jpg\" data-link=\"https:\/\/ricardodecastro.com\/villa-a-estrada\/villa-estrada-06\/#main\" class=\"wp-image-2907\" srcset=\"https:\/\/ricardodecastro.com\/wp-content\/uploads\/2021\/03\/villa-estrada-06-1024x549.jpg 1024w, https:\/\/ricardodecastro.com\/wp-content\/uploads\/2021\/03\/villa-estrada-06-300x161.jpg 300w, https:\/\/ricardodecastro.com\/wp-content\/uploads\/2021\/03\/villa-estrada-06-768x412.jpg 768w, https:\/\/ricardodecastro.com\/wp-content\/uploads\/2021\/03\/villa-estrada-06-1536x823.jpg 1536w, https:\/\/ricardodecastro.com\/wp-content\/uploads\/2021\/03\/villa-estrada-06-16x9.jpg 16w, https:\/\/ricardodecastro.com\/wp-content\/uploads\/2021\/03\/villa-estrada-06.jpg 1920w\" sizes=\"(max-width: 1024px) 100vw, 1024px\" \/><\/figure><\/li><li class=\"blocks-gallery-item\"><figure><img loading=\"lazy\" decoding=\"async\" width=\"1024\" height=\"649\" src=\"https:\/\/ricardodecastro.com\/wp-content\/uploads\/2021\/03\/villa-estrada-IMG_3968-1024x649.jpg\" alt=\"\" data-id=\"2908\" data-full-url=\"https:\/\/ricardodecastro.com\/wp-content\/uploads\/2021\/03\/villa-estrada-IMG_3968.jpg\" data-link=\"https:\/\/ricardodecastro.com\/villa-a-estrada\/villa-estrada-img_3968\/#main\" class=\"wp-image-2908\" srcset=\"https:\/\/ricardodecastro.com\/wp-content\/uploads\/2021\/03\/villa-estrada-IMG_3968-1024x649.jpg 1024w, https:\/\/ricardodecastro.com\/wp-content\/uploads\/2021\/03\/villa-estrada-IMG_3968-300x190.jpg 300w, https:\/\/ricardodecastro.com\/wp-content\/uploads\/2021\/03\/villa-estrada-IMG_3968-768x487.jpg 768w, https:\/\/ricardodecastro.com\/wp-content\/uploads\/2021\/03\/villa-estrada-IMG_3968-1536x974.jpg 1536w, https:\/\/ricardodecastro.com\/wp-content\/uploads\/2021\/03\/villa-estrada-IMG_3968-16x10.jpg 16w, https:\/\/ricardodecastro.com\/wp-content\/uploads\/2021\/03\/villa-estrada-IMG_3968.jpg 1920w\" sizes=\"(max-width: 1024px) 100vw, 1024px\" \/><\/figure><\/li><li class=\"blocks-gallery-item\"><figure><img loading=\"lazy\" decoding=\"async\" width=\"767\" height=\"1024\" src=\"https:\/\/ricardodecastro.com\/wp-content\/uploads\/2021\/03\/villa-estrada-IMG_4019-767x1024.jpg\" alt=\"\" data-id=\"2909\" data-full-url=\"https:\/\/ricardodecastro.com\/wp-content\/uploads\/2021\/03\/villa-estrada-IMG_4019-scaled.jpg\" data-link=\"https:\/\/ricardodecastro.com\/villa-a-estrada\/villa-estrada-img_4019-2\/#main\" class=\"wp-image-2909\" srcset=\"https:\/\/ricardodecastro.com\/wp-content\/uploads\/2021\/03\/villa-estrada-IMG_4019-767x1024.jpg 767w, https:\/\/ricardodecastro.com\/wp-content\/uploads\/2021\/03\/villa-estrada-IMG_4019-225x300.jpg 225w, https:\/\/ricardodecastro.com\/wp-content\/uploads\/2021\/03\/villa-estrada-IMG_4019-768x1026.jpg 768w, https:\/\/ricardodecastro.com\/wp-content\/uploads\/2021\/03\/villa-estrada-IMG_4019-1150x1536.jpg 1150w, https:\/\/ricardodecastro.com\/wp-content\/uploads\/2021\/03\/villa-estrada-IMG_4019-1534x2048.jpg 1534w, https:\/\/ricardodecastro.com\/wp-content\/uploads\/2021\/03\/villa-estrada-IMG_4019-9x12.jpg 9w, https:\/\/ricardodecastro.com\/wp-content\/uploads\/2021\/03\/villa-estrada-IMG_4019-scaled.jpg 1917w\" sizes=\"(max-width: 767px) 100vw, 767px\" \/><\/figure><\/li><li class=\"blocks-gallery-item\"><figure><img loading=\"lazy\" decoding=\"async\" width=\"1024\" height=\"852\" src=\"https:\/\/ricardodecastro.com\/wp-content\/uploads\/2021\/03\/villa-estrada-IMG_4114-1-1024x852.jpg\" alt=\"\" data-id=\"2910\" data-full-url=\"https:\/\/ricardodecastro.com\/wp-content\/uploads\/2021\/03\/villa-estrada-IMG_4114-1.jpg\" data-link=\"https:\/\/ricardodecastro.com\/villa-a-estrada\/villa-estrada-img_4114-1-2\/#main\" class=\"wp-image-2910\" srcset=\"https:\/\/ricardodecastro.com\/wp-content\/uploads\/2021\/03\/villa-estrada-IMG_4114-1-1024x852.jpg 1024w, https:\/\/ricardodecastro.com\/wp-content\/uploads\/2021\/03\/villa-estrada-IMG_4114-1-300x250.jpg 300w, https:\/\/ricardodecastro.com\/wp-content\/uploads\/2021\/03\/villa-estrada-IMG_4114-1-768x639.jpg 768w, https:\/\/ricardodecastro.com\/wp-content\/uploads\/2021\/03\/villa-estrada-IMG_4114-1-1536x1278.jpg 1536w, https:\/\/ricardodecastro.com\/wp-content\/uploads\/2021\/03\/villa-estrada-IMG_4114-1-14x12.jpg 14w, https:\/\/ricardodecastro.com\/wp-content\/uploads\/2021\/03\/villa-estrada-IMG_4114-1.jpg 1920w\" sizes=\"(max-width: 1024px) 100vw, 1024px\" \/><\/figure><\/li><li class=\"blocks-gallery-item\"><figure><img loading=\"lazy\" decoding=\"async\" width=\"1024\" height=\"947\" src=\"https:\/\/ricardodecastro.com\/wp-content\/uploads\/2021\/03\/villa-estrada-IMG_4166-1024x947.jpg\" alt=\"\" data-id=\"2911\" data-full-url=\"https:\/\/ricardodecastro.com\/wp-content\/uploads\/2021\/03\/villa-estrada-IMG_4166.jpg\" data-link=\"https:\/\/ricardodecastro.com\/villa-a-estrada\/villa-estrada-img_4166-2\/#main\" class=\"wp-image-2911\" srcset=\"https:\/\/ricardodecastro.com\/wp-content\/uploads\/2021\/03\/villa-estrada-IMG_4166-1024x947.jpg 1024w, https:\/\/ricardodecastro.com\/wp-content\/uploads\/2021\/03\/villa-estrada-IMG_4166-300x278.jpg 300w, https:\/\/ricardodecastro.com\/wp-content\/uploads\/2021\/03\/villa-estrada-IMG_4166-768x710.jpg 768w, https:\/\/ricardodecastro.com\/wp-content\/uploads\/2021\/03\/villa-estrada-IMG_4166-1536x1421.jpg 1536w, https:\/\/ricardodecastro.com\/wp-content\/uploads\/2021\/03\/villa-estrada-IMG_4166-13x12.jpg 13w, https:\/\/ricardodecastro.com\/wp-content\/uploads\/2021\/03\/villa-estrada-IMG_4166.jpg 1920w\" sizes=\"(max-width: 1024px) 100vw, 1024px\" \/><\/figure><\/li><li class=\"blocks-gallery-item\"><figure><img loading=\"lazy\" decoding=\"async\" width=\"1024\" height=\"650\" src=\"https:\/\/ricardodecastro.com\/wp-content\/uploads\/2021\/03\/villa-estrada-IMG_4211-1024x650.jpg\" alt=\"\" data-id=\"2912\" data-full-url=\"https:\/\/ricardodecastro.com\/wp-content\/uploads\/2021\/03\/villa-estrada-IMG_4211.jpg\" data-link=\"https:\/\/ricardodecastro.com\/villa-a-estrada\/villa-estrada-img_4211-2\/#main\" class=\"wp-image-2912\" srcset=\"https:\/\/ricardodecastro.com\/wp-content\/uploads\/2021\/03\/villa-estrada-IMG_4211-1024x650.jpg 1024w, https:\/\/ricardodecastro.com\/wp-content\/uploads\/2021\/03\/villa-estrada-IMG_4211-300x190.jpg 300w, https:\/\/ricardodecastro.com\/wp-content\/uploads\/2021\/03\/villa-estrada-IMG_4211-768x488.jpg 768w, https:\/\/ricardodecastro.com\/wp-content\/uploads\/2021\/03\/villa-estrada-IMG_4211-1536x975.jpg 1536w, https:\/\/ricardodecastro.com\/wp-content\/uploads\/2021\/03\/villa-estrada-IMG_4211-16x10.jpg 16w, https:\/\/ricardodecastro.com\/wp-content\/uploads\/2021\/03\/villa-estrada-IMG_4211.jpg 1920w\" sizes=\"(max-width: 1024px) 100vw, 1024px\" \/><\/figure><\/li><li class=\"blocks-gallery-item\"><figure><img loading=\"lazy\" decoding=\"async\" width=\"1024\" height=\"683\" src=\"https:\/\/ricardodecastro.com\/wp-content\/uploads\/2021\/03\/villa-estrada-IMG_4336-1024x683.jpg\" alt=\"\" data-id=\"2913\" data-full-url=\"https:\/\/ricardodecastro.com\/wp-content\/uploads\/2021\/03\/villa-estrada-IMG_4336.jpg\" data-link=\"https:\/\/ricardodecastro.com\/villa-a-estrada\/villa-estrada-img_4336-2\/#main\" class=\"wp-image-2913\" srcset=\"https:\/\/ricardodecastro.com\/wp-content\/uploads\/2021\/03\/villa-estrada-IMG_4336-1024x683.jpg 1024w, https:\/\/ricardodecastro.com\/wp-content\/uploads\/2021\/03\/villa-estrada-IMG_4336-300x200.jpg 300w, https:\/\/ricardodecastro.com\/wp-content\/uploads\/2021\/03\/villa-estrada-IMG_4336-768x512.jpg 768w, https:\/\/ricardodecastro.com\/wp-content\/uploads\/2021\/03\/villa-estrada-IMG_4336-1536x1024.jpg 1536w, https:\/\/ricardodecastro.com\/wp-content\/uploads\/2021\/03\/villa-estrada-IMG_4336-16x12.jpg 16w, https:\/\/ricardodecastro.com\/wp-content\/uploads\/2021\/03\/villa-estrada-IMG_4336.jpg 1920w\" sizes=\"(max-width: 1024px) 100vw, 1024px\" \/><\/figure><\/li><li class=\"blocks-gallery-item\"><figure><img loading=\"lazy\" decoding=\"async\" width=\"1024\" height=\"404\" src=\"https:\/\/ricardodecastro.com\/wp-content\/uploads\/2021\/03\/villa-estrada-IMG_4369-1024x404.jpg\" alt=\"\" data-id=\"2915\" data-full-url=\"https:\/\/ricardodecastro.com\/wp-content\/uploads\/2021\/03\/villa-estrada-IMG_4369.jpg\" data-link=\"https:\/\/ricardodecastro.com\/villa-a-estrada\/villa-estrada-img_4369\/#main\" class=\"wp-image-2915\" srcset=\"https:\/\/ricardodecastro.com\/wp-content\/uploads\/2021\/03\/villa-estrada-IMG_4369-1024x404.jpg 1024w, https:\/\/ricardodecastro.com\/wp-content\/uploads\/2021\/03\/villa-estrada-IMG_4369-300x118.jpg 300w, https:\/\/ricardodecastro.com\/wp-content\/uploads\/2021\/03\/villa-estrada-IMG_4369-768x303.jpg 768w, https:\/\/ricardodecastro.com\/wp-content\/uploads\/2021\/03\/villa-estrada-IMG_4369-1536x606.jpg 1536w, https:\/\/ricardodecastro.com\/wp-content\/uploads\/2021\/03\/villa-estrada-IMG_4369-16x6.jpg 16w, https:\/\/ricardodecastro.com\/wp-content\/uploads\/2021\/03\/villa-estrada-IMG_4369.jpg 1920w\" sizes=\"(max-width: 1024px) 100vw, 1024px\" \/><\/figure><\/li><\/ul><\/figure>","protected":false},"excerpt":{"rendered":"<p>Villa A Estrada es una casa de arquitectura mediterr\u00e1nea e interiores ecl\u00e9cticos dise\u00f1ada para suplir todas las comodidades propias de una villa campestre.<\/p>","protected":false},"author":1,"featured_media":1736,"comment_status":"closed","ping_status":"open","sticky":false,"template":"","format":"standard","meta":{"_acf_changed":false,"footnotes":""},"categories":[20,4],"tags":[],"class_list":["post-1735","post","type-post","status-publish","format-standard","has-post-thumbnail","hentry","category-architecture","category-residential"],"acf":[],"yoast_head":"<!-- This site is optimized with the Yoast SEO plugin v27.1.1 - https:\/\/yoast.com\/product\/yoast-seo-wordpress\/ -->\n<title>Villa A Estrada - Ricardo de Castro<\/title>\n<meta name=\"robots\" content=\"index, follow, max-snippet:-1, max-image-preview:large, max-video-preview:-1\" \/>\n<link rel=\"canonical\" href=\"https:\/\/ricardodecastro.com\/esp\/villa-a-estrada\/\" \/>\n<meta property=\"og:locale\" content=\"es_ES\" \/>\n<meta property=\"og:type\" content=\"article\" \/>\n<meta property=\"og:title\" content=\"Villa A Estrada - Ricardo de Castro\" \/>\n<meta property=\"og:description\" content=\"Villa A Estrada is a house with Mediterranean architecture and eclectic interiors designed to supply all the comforts of a country villa.\" \/>\n<meta property=\"og:url\" content=\"https:\/\/ricardodecastro.com\/esp\/villa-a-estrada\/\" \/>\n<meta property=\"og:site_name\" content=\"Ricardo de Castro\" \/>\n<meta property=\"article:publisher\" content=\"https:\/\/www.facebook.com\/Ricardo-De-Castro-Arquitectura-Interiores-501964786482241\/\" \/>\n<meta property=\"article:published_time\" content=\"2021-02-11T23:55:20+00:00\" \/>\n<meta property=\"article:modified_time\" content=\"2021-06-05T19:04:30+00:00\" \/>\n<meta property=\"og:image\" content=\"https:\/\/ricardodecastro.com\/wp-content\/uploads\/2021\/02\/villa-estrada-02.jpg\" \/>\n\t<meta property=\"og:image:width\" content=\"1920\" \/>\n\t<meta property=\"og:image:height\" content=\"1202\" \/>\n\t<meta property=\"og:image:type\" content=\"image\/jpeg\" \/>\n<meta name=\"author\" content=\"bmoreno\" \/>\n<meta name=\"twitter:card\" content=\"summary_large_image\" \/>\n<meta name=\"twitter:label1\" content=\"Escrito por\" \/>\n\t<meta name=\"twitter:data1\" content=\"bmoreno\" \/>\n\t<meta name=\"twitter:label2\" content=\"Tiempo de lectura\" \/>\n\t<meta name=\"twitter:data2\" content=\"3 minutos\" \/>\n<script type=\"application\/ld+json\" class=\"yoast-schema-graph\">{\"@context\":\"https:\/\/schema.org\",\"@graph\":[{\"@type\":\"Article\",\"@id\":\"https:\/\/ricardodecastro.com\/villa-a-estrada\/#article\",\"isPartOf\":{\"@id\":\"https:\/\/ricardodecastro.com\/villa-a-estrada\/\"},\"author\":{\"name\":\"bmoreno\",\"@id\":\"https:\/\/ricardodecastro.com\/#\/schema\/person\/095a189f47ebbb7df3ce63e832b4eaf8\"},\"headline\":\"Villa A Estrada\",\"datePublished\":\"2021-02-11T23:55:20+00:00\",\"dateModified\":\"2021-06-05T19:04:30+00:00\",\"mainEntityOfPage\":{\"@id\":\"https:\/\/ricardodecastro.com\/villa-a-estrada\/\"},\"wordCount\":25,\"publisher\":{\"@id\":\"https:\/\/ricardodecastro.com\/#organization\"},\"image\":{\"@id\":\"https:\/\/ricardodecastro.com\/villa-a-estrada\/#primaryimage\"},\"thumbnailUrl\":\"https:\/\/ricardodecastro.com\/wp-content\/uploads\/2021\/02\/villa-estrada-02.jpg\",\"articleSection\":[\"Architecture\",\"Residential\"],\"inLanguage\":\"es\"},{\"@type\":\"WebPage\",\"@id\":\"https:\/\/ricardodecastro.com\/villa-a-estrada\/\",\"url\":\"https:\/\/ricardodecastro.com\/villa-a-estrada\/\",\"name\":\"Villa A Estrada - Ricardo de Castro\",\"isPartOf\":{\"@id\":\"https:\/\/ricardodecastro.com\/#website\"},\"primaryImageOfPage\":{\"@id\":\"https:\/\/ricardodecastro.com\/villa-a-estrada\/#primaryimage\"},\"image\":{\"@id\":\"https:\/\/ricardodecastro.com\/villa-a-estrada\/#primaryimage\"},\"thumbnailUrl\":\"https:\/\/ricardodecastro.com\/wp-content\/uploads\/2021\/02\/villa-estrada-02.jpg\",\"datePublished\":\"2021-02-11T23:55:20+00:00\",\"dateModified\":\"2021-06-05T19:04:30+00:00\",\"breadcrumb\":{\"@id\":\"https:\/\/ricardodecastro.com\/villa-a-estrada\/#breadcrumb\"},\"inLanguage\":\"es\",\"potentialAction\":[{\"@type\":\"ReadAction\",\"target\":[\"https:\/\/ricardodecastro.com\/villa-a-estrada\/\"]}]},{\"@type\":\"ImageObject\",\"inLanguage\":\"es\",\"@id\":\"https:\/\/ricardodecastro.com\/villa-a-estrada\/#primaryimage\",\"url\":\"https:\/\/ricardodecastro.com\/wp-content\/uploads\/2021\/02\/villa-estrada-02.jpg\",\"contentUrl\":\"https:\/\/ricardodecastro.com\/wp-content\/uploads\/2021\/02\/villa-estrada-02.jpg\",\"width\":1920,\"height\":1202},{\"@type\":\"BreadcrumbList\",\"@id\":\"https:\/\/ricardodecastro.com\/villa-a-estrada\/#breadcrumb\",\"itemListElement\":[{\"@type\":\"ListItem\",\"position\":1,\"name\":\"Home\",\"item\":\"https:\/\/ricardodecastro.com\/\"},{\"@type\":\"ListItem\",\"position\":2,\"name\":\"Villa A Estrada\"}]},{\"@type\":\"WebSite\",\"@id\":\"https:\/\/ricardodecastro.com\/#website\",\"url\":\"https:\/\/ricardodecastro.com\/\",\"name\":\"Ricardo de Castro\",\"description\":\"Arquitectos\",\"publisher\":{\"@id\":\"https:\/\/ricardodecastro.com\/#organization\"},\"potentialAction\":[{\"@type\":\"SearchAction\",\"target\":{\"@type\":\"EntryPoint\",\"urlTemplate\":\"https:\/\/ricardodecastro.com\/?s={search_term_string}\"},\"query-input\":{\"@type\":\"PropertyValueSpecification\",\"valueRequired\":true,\"valueName\":\"search_term_string\"}}],\"inLanguage\":\"es\"},{\"@type\":\"Organization\",\"@id\":\"https:\/\/ricardodecastro.com\/#organization\",\"name\":\"Ricardo de Castro\",\"url\":\"https:\/\/ricardodecastro.com\/\",\"logo\":{\"@type\":\"ImageObject\",\"inLanguage\":\"es\",\"@id\":\"https:\/\/ricardodecastro.com\/#\/schema\/logo\/image\/\",\"url\":\"https:\/\/ricardodecastro.com\/wp-content\/uploads\/2021\/01\/firma-con-textos-abajo.png\",\"contentUrl\":\"https:\/\/ricardodecastro.com\/wp-content\/uploads\/2021\/01\/firma-con-textos-abajo.png\",\"width\":758,\"height\":133,\"caption\":\"Ricardo de Castro\"},\"image\":{\"@id\":\"https:\/\/ricardodecastro.com\/#\/schema\/logo\/image\/\"},\"sameAs\":[\"https:\/\/www.facebook.com\/Ricardo-De-Castro-Arquitectura-Interiores-501964786482241\/\",\"https:\/\/www.instagram.com\/decastroricardo\/\"]},{\"@type\":\"Person\",\"@id\":\"https:\/\/ricardodecastro.com\/#\/schema\/person\/095a189f47ebbb7df3ce63e832b4eaf8\",\"name\":\"bmoreno\",\"image\":{\"@type\":\"ImageObject\",\"inLanguage\":\"es\",\"@id\":\"https:\/\/ricardodecastro.com\/#\/schema\/person\/image\/\",\"url\":\"https:\/\/ricardodecastro.com\/wp-content\/litespeed\/avatar\/5d31df51d2df3a2a693db780f60bf9f0.jpg?ver=1777575651\",\"contentUrl\":\"https:\/\/ricardodecastro.com\/wp-content\/litespeed\/avatar\/5d31df51d2df3a2a693db780f60bf9f0.jpg?ver=1777575651\",\"caption\":\"bmoreno\"},\"sameAs\":[\"https:\/\/ricardodecastro.com\"]}]}<\/script>\n<!-- \/ Yoast SEO plugin. -->","yoast_head_json":{"title":"Villa A Estrada - Ricardo de Castro","robots":{"index":"index","follow":"follow","max-snippet":"max-snippet:-1","max-image-preview":"max-image-preview:large","max-video-preview":"max-video-preview:-1"},"canonical":"https:\/\/ricardodecastro.com\/esp\/villa-a-estrada\/","og_locale":"es_ES","og_type":"article","og_title":"Villa A Estrada - Ricardo de Castro","og_description":"Villa A Estrada is a house with Mediterranean architecture and eclectic interiors designed to supply all the comforts of a country villa.","og_url":"https:\/\/ricardodecastro.com\/esp\/villa-a-estrada\/","og_site_name":"Ricardo de Castro","article_publisher":"https:\/\/www.facebook.com\/Ricardo-De-Castro-Arquitectura-Interiores-501964786482241\/","article_published_time":"2021-02-11T23:55:20+00:00","article_modified_time":"2021-06-05T19:04:30+00:00","og_image":[{"width":1920,"height":1202,"url":"https:\/\/ricardodecastro.com\/wp-content\/uploads\/2021\/02\/villa-estrada-02.jpg","type":"image\/jpeg"}],"author":"bmoreno","twitter_card":"summary_large_image","twitter_misc":{"Escrito por":"bmoreno","Tiempo de lectura":"3 minutos"},"schema":{"@context":"https:\/\/schema.org","@graph":[{"@type":"Article","@id":"https:\/\/ricardodecastro.com\/villa-a-estrada\/#article","isPartOf":{"@id":"https:\/\/ricardodecastro.com\/villa-a-estrada\/"},"author":{"name":"bmoreno","@id":"https:\/\/ricardodecastro.com\/#\/schema\/person\/095a189f47ebbb7df3ce63e832b4eaf8"},"headline":"Villa A Estrada","datePublished":"2021-02-11T23:55:20+00:00","dateModified":"2021-06-05T19:04:30+00:00","mainEntityOfPage":{"@id":"https:\/\/ricardodecastro.com\/villa-a-estrada\/"},"wordCount":25,"publisher":{"@id":"https:\/\/ricardodecastro.com\/#organization"},"image":{"@id":"https:\/\/ricardodecastro.com\/villa-a-estrada\/#primaryimage"},"thumbnailUrl":"https:\/\/ricardodecastro.com\/wp-content\/uploads\/2021\/02\/villa-estrada-02.jpg","articleSection":["Architecture","Residential"],"inLanguage":"es"},{"@type":"WebPage","@id":"https:\/\/ricardodecastro.com\/villa-a-estrada\/","url":"https:\/\/ricardodecastro.com\/villa-a-estrada\/","name":"Villa A Estrada - Ricardo de Castro","isPartOf":{"@id":"https:\/\/ricardodecastro.com\/#website"},"primaryImageOfPage":{"@id":"https:\/\/ricardodecastro.com\/villa-a-estrada\/#primaryimage"},"image":{"@id":"https:\/\/ricardodecastro.com\/villa-a-estrada\/#primaryimage"},"thumbnailUrl":"https:\/\/ricardodecastro.com\/wp-content\/uploads\/2021\/02\/villa-estrada-02.jpg","datePublished":"2021-02-11T23:55:20+00:00","dateModified":"2021-06-05T19:04:30+00:00","breadcrumb":{"@id":"https:\/\/ricardodecastro.com\/villa-a-estrada\/#breadcrumb"},"inLanguage":"es","potentialAction":[{"@type":"ReadAction","target":["https:\/\/ricardodecastro.com\/villa-a-estrada\/"]}]},{"@type":"ImageObject","inLanguage":"es","@id":"https:\/\/ricardodecastro.com\/villa-a-estrada\/#primaryimage","url":"https:\/\/ricardodecastro.com\/wp-content\/uploads\/2021\/02\/villa-estrada-02.jpg","contentUrl":"https:\/\/ricardodecastro.com\/wp-content\/uploads\/2021\/02\/villa-estrada-02.jpg","width":1920,"height":1202},{"@type":"BreadcrumbList","@id":"https:\/\/ricardodecastro.com\/villa-a-estrada\/#breadcrumb","itemListElement":[{"@type":"ListItem","position":1,"name":"Home","item":"https:\/\/ricardodecastro.com\/"},{"@type":"ListItem","position":2,"name":"Villa A Estrada"}]},{"@type":"WebSite","@id":"https:\/\/ricardodecastro.com\/#website","url":"https:\/\/ricardodecastro.com\/","name":"Ricardo de Castro","description":"Arquitectos","publisher":{"@id":"https:\/\/ricardodecastro.com\/#organization"},"potentialAction":[{"@type":"SearchAction","target":{"@type":"EntryPoint","urlTemplate":"https:\/\/ricardodecastro.com\/?s={search_term_string}"},"query-input":{"@type":"PropertyValueSpecification","valueRequired":true,"valueName":"search_term_string"}}],"inLanguage":"es"},{"@type":"Organization","@id":"https:\/\/ricardodecastro.com\/#organization","name":"Ricardo de Castro","url":"https:\/\/ricardodecastro.com\/","logo":{"@type":"ImageObject","inLanguage":"es","@id":"https:\/\/ricardodecastro.com\/#\/schema\/logo\/image\/","url":"https:\/\/ricardodecastro.com\/wp-content\/uploads\/2021\/01\/firma-con-textos-abajo.png","contentUrl":"https:\/\/ricardodecastro.com\/wp-content\/uploads\/2021\/01\/firma-con-textos-abajo.png","width":758,"height":133,"caption":"Ricardo de Castro"},"image":{"@id":"https:\/\/ricardodecastro.com\/#\/schema\/logo\/image\/"},"sameAs":["https:\/\/www.facebook.com\/Ricardo-De-Castro-Arquitectura-Interiores-501964786482241\/","https:\/\/www.instagram.com\/decastroricardo\/"]},{"@type":"Person","@id":"https:\/\/ricardodecastro.com\/#\/schema\/person\/095a189f47ebbb7df3ce63e832b4eaf8","name":"bmoreno","image":{"@type":"ImageObject","inLanguage":"es","@id":"https:\/\/ricardodecastro.com\/#\/schema\/person\/image\/","url":"https:\/\/ricardodecastro.com\/wp-content\/litespeed\/avatar\/5d31df51d2df3a2a693db780f60bf9f0.jpg?ver=1777575651","contentUrl":"https:\/\/ricardodecastro.com\/wp-content\/litespeed\/avatar\/5d31df51d2df3a2a693db780f60bf9f0.jpg?ver=1777575651","caption":"bmoreno"},"sameAs":["https:\/\/ricardodecastro.com"]}]}},"_links":{"self":[{"href":"https:\/\/ricardodecastro.com\/esp\/wp-json\/wp\/v2\/posts\/1735","targetHints":{"allow":["GET"]}}],"collection":[{"href":"https:\/\/ricardodecastro.com\/esp\/wp-json\/wp\/v2\/posts"}],"about":[{"href":"https:\/\/ricardodecastro.com\/esp\/wp-json\/wp\/v2\/types\/post"}],"author":[{"embeddable":true,"href":"https:\/\/ricardodecastro.com\/esp\/wp-json\/wp\/v2\/users\/1"}],"replies":[{"embeddable":true,"href":"https:\/\/ricardodecastro.com\/esp\/wp-json\/wp\/v2\/comments?post=1735"}],"version-history":[{"count":4,"href":"https:\/\/ricardodecastro.com\/esp\/wp-json\/wp\/v2\/posts\/1735\/revisions"}],"predecessor-version":[{"id":2916,"href":"https:\/\/ricardodecastro.com\/esp\/wp-json\/wp\/v2\/posts\/1735\/revisions\/2916"}],"wp:featuredmedia":[{"embeddable":true,"href":"https:\/\/ricardodecastro.com\/esp\/wp-json\/wp\/v2\/media\/1736"}],"wp:attachment":[{"href":"https:\/\/ricardodecastro.com\/esp\/wp-json\/wp\/v2\/media?parent=1735"}],"wp:term":[{"taxonomy":"category","embeddable":true,"href":"https:\/\/ricardodecastro.com\/esp\/wp-json\/wp\/v2\/categories?post=1735"},{"taxonomy":"post_tag","embeddable":true,"href":"https:\/\/ricardodecastro.com\/esp\/wp-json\/wp\/v2\/tags?post=1735"}],"curies":[{"name":"wp","href":"https:\/\/api.w.org\/{rel}","templated":true}]}}