{"id":1903,"date":"2021-02-15T15:44:06","date_gmt":"2021-02-15T15:44:06","guid":{"rendered":"https:\/\/ricardodecastro.com\/?p=1903"},"modified":"2021-06-15T21:02:24","modified_gmt":"2021-06-15T21:02:24","slug":"el-cielo-colombian-society-of-architects","status":"publish","type":"post","link":"https:\/\/ricardodecastro.com\/esp\/el-cielo-colombian-society-of-architects\/","title":{"rendered":"El Cielo - Sociedad Colombiana de Arquitectos"},"content":{"rendered":"<div data-elementor-type=\"wp-post\" data-elementor-id=\"1903\" class=\"elementor elementor-1903\" data-elementor-post-type=\"post\">\n\t\t\t\t\t\t<section class=\"elementor-section elementor-top-section elementor-element elementor-element-26efd255 elementor-section-height-min-height parallax elementor-section-boxed elementor-section-height-default elementor-section-items-middle\" data-id=\"26efd255\" data-element_type=\"section\" data-e-type=\"section\" data-settings=\"{&quot;background_background&quot;:&quot;classic&quot;}\">\n\t\t\t\t\t\t<div class=\"elementor-container elementor-column-gap-default\">\n\t\t\t\t\t<div class=\"elementor-column elementor-col-100 elementor-top-column elementor-element elementor-element-8023fdd\" data-id=\"8023fdd\" data-element_type=\"column\" data-e-type=\"column\">\n\t\t\t<div class=\"elementor-widget-wrap\">\n\t\t\t\t\t\t\t<\/div>\n\t\t<\/div>\n\t\t\t\t\t<\/div>\n\t\t<\/section>\n\t\t\t\t<section class=\"elementor-section elementor-top-section elementor-element elementor-element-12b79b33 elementor-section-boxed elementor-section-height-default elementor-section-height-default\" data-id=\"12b79b33\" data-element_type=\"section\" data-e-type=\"section\">\n\t\t\t\t\t\t<div class=\"elementor-container elementor-column-gap-default\">\n\t\t\t\t\t<div class=\"elementor-column elementor-col-100 elementor-top-column elementor-element elementor-element-319203d2\" data-id=\"319203d2\" data-element_type=\"column\" data-e-type=\"column\">\n\t\t\t<div class=\"elementor-widget-wrap elementor-element-populated\">\n\t\t\t\t\t\t<div class=\"elementor-element elementor-element-6cb127b0 elementor-widget elementor-widget-heading\" data-id=\"6cb127b0\" data-element_type=\"widget\" data-e-type=\"widget\" data-widget_type=\"heading.default\">\n\t\t\t\t<div class=\"elementor-widget-container\">\n\t\t\t\t\t<h2 class=\"elementor-heading-title elementor-size-default\">El Cielo<\/h2>\t\t\t\t<\/div>\n\t\t\t\t<\/div>\n\t\t\t\t<div class=\"elementor-element elementor-element-2a60f817 elementor-widget elementor-widget-text-editor\" data-id=\"2a60f817\" data-element_type=\"widget\" data-e-type=\"widget\" data-widget_type=\"text-editor.default\">\n\t\t\t\t<div class=\"elementor-widget-container\">\n\t\t\t\t\t\t\t\t\t<p class=\"vc_custom_heading text-center vc_custom_1592925674300 align-left appear-animation fadeInUp appear-animation-visible\" data-appear-animation=\"fadeInUp\" data-appear-animation-delay=\"700\">En las profundidades de las monta\u00f1as colombianas de la Sierra Nevada, se esconde un proyecto residencial especial. Ubicado en la Vereda Bella Vista, v\u00eda a San Lorenzo.<\/p><p class=\"vc_custom_heading text-center vc_custom_1592925687183 align-left appear-animation fadeInUp appear-animation-visible\" data-appear-animation=\"fadeInUp\" data-appear-animation-delay=\"700\">A una altura de 1890 m, se erige esta casa de dos niveles, de uso residencial-vacacional que refleja la belleza de la tierra ind\u00edgena ancestral con los lujos y la comodidad actual, caracterizada por su impetuosa vista y rodeada por el velo blanco de las nubes que generan la sensaci\u00f3n de una casa flotando en El Cielo.<\/p><p class=\"vc_custom_heading text-center vc_custom_1592925703022 align-left appear-animation fadeInUp appear-animation-visible\" data-appear-animation=\"fadeInUp\" data-appear-animation-delay=\"700\">El dise\u00f1o fue concebido en la interacci\u00f3n de dos vol\u00famenes desplazados horizontalmente, adapt\u00e1ndose a la topograf\u00eda de la monta\u00f1a y logrando una yuxtaposici\u00f3n entre el espacio interior y exterior. Su implantaci\u00f3n en sentido Nor-este, permite la total apertura hacia el paisaje, el aprovechamiento de los vientos y una insolaci\u00f3n moderada tanto en el d\u00eda como en horas de la tarde.<\/p><p class=\"vc_custom_heading text-center vc_custom_1592925714412 align-left appear-animation fadeInUp appear-animation-visible\" data-appear-animation=\"fadeInUp\" data-appear-animation-delay=\"700\">La planta de acceso de 78,68 m2, bordeada por una terraza de 47,40 m2, contiene uno de los elementos m\u00e1s llamativos de la casa, una chimenea central, a cuyos lados se encuentran la cocina abierta, el comedor y la sala de estilo contempor\u00e1neo, con materiales aut\u00f3ctonos de la zona, como la piedra y las maderas.<\/p><p class=\"vc_custom_heading text-center vc_custom_1592925730814 align-left appear-animation fadeInUp appear-animation-visible\" data-appear-animation=\"fadeInUp\" data-appear-animation-delay=\"700\">El acceso al segundo nivel de 189,01 m2, se hace a trav\u00e9s de una escalera en forma de caracol elaborada completamente en acero, la cual da acceso a las dos habitaciones, el patio interno y la gran terraza verde. Cada habitaci\u00f3n tiene ba\u00f1o independiente con ducha, sanitario y Wc, los cuales debido a sus grandes ventanales generan la sensaci\u00f3n de permanecer en el exterior y la utilizaci\u00f3n de materiales como la madera y el vidrio contin\u00faan con el concepto de mimetizarse con el entorno. Adem\u00e1s, cada una posee terrazas independientes ubicadas en los laterales de la casa de 16,4 m2 cada una.<\/p><p class=\"vc_custom_heading text-center vc_custom_1592925752936 align-left appear-animation fadeInUp appear-animation-visible\" data-appear-animation=\"fadeInUp\" data-appear-animation-delay=\"700\">La terraza de 62,47 m2, comprende una de las \u00e1reas de reuni\u00f3n familiar, donde resalta el piso de grama artificial, la saliente de la chimenea y el mobiliario colorido.<\/p><p class=\"vc_custom_heading text-center vc_custom_1592925764119 align-left appear-animation fadeInUp appear-animation-visible\" data-appear-animation=\"fadeInUp\" data-appear-animation-delay=\"700\">The finishes for the exterior walls are slabs that form part of the fireplace on the interior, the rest of the walls are of plaster and painted light grey, while the bathrooms are painted with Fossil White and Mt Line Natural. The exterior and interior floors and porcelain baseboards are of Amazonia Fresno wood. Graphite aluminum profiles, clear glass and iron railings, glass and wood are used for the access doors. Fixed furniture are installed in the bar and kitchen. The steel structure based on metallic profiles is painted with graphite color.<\/p><p class=\"vc_custom_heading text-center vc_custom_1592925775186 align-left appear-animation fadeInUp appear-animation-visible\" data-appear-animation=\"fadeInUp\" data-appear-animation-delay=\"700\">El Cielo con una altura total de 6,50 m, comprende una arquitectura donde destaca la transparencia en la fachada de vidrio continua de 2,80 m de altura por planta. Este es uno de los elementos arquitect\u00f3nicos m\u00e1s importantes, porque no solo permite el ingreso de luz natural, minimizando as\u00ed el consumo de energ\u00eda el\u00e9ctrica, sino que tambi\u00e9n la vincula los espacios exteriores con el interior, contribuyendo en la creaci\u00f3n de ambientes distensionados de la ca\u00f3tica vida cotidiana.<\/p>\t\t\t\t\t\t\t\t<\/div>\n\t\t\t\t<\/div>\n\t\t\t\t\t<\/div>\n\t\t<\/div>\n\t\t\t\t\t<\/div>\n\t\t<\/section>\n\t\t\t\t<section class=\"elementor-section elementor-top-section elementor-element elementor-element-48674d36 elementor-section-boxed elementor-section-height-default elementor-section-height-default\" data-id=\"48674d36\" data-element_type=\"section\" data-e-type=\"section\">\n\t\t\t\t\t\t<div class=\"elementor-container elementor-column-gap-default\">\n\t\t\t\t\t<div class=\"elementor-column elementor-col-50 elementor-top-column elementor-element elementor-element-36a1db5c\" data-id=\"36a1db5c\" data-element_type=\"column\" data-e-type=\"column\">\n\t\t\t<div class=\"elementor-widget-wrap elementor-element-populated\">\n\t\t\t\t\t\t<div class=\"elementor-element elementor-element-373220e2 elementor-widget elementor-widget-image\" data-id=\"373220e2\" data-element_type=\"widget\" data-e-type=\"widget\" data-widget_type=\"image.default\">\n\t\t\t\t<div class=\"elementor-widget-container\">\n\t\t\t\t\t\t\t\t\t\t\t\t\t\t\t<img decoding=\"async\" width=\"190\" height=\"190\" src=\"https:\/\/ricardodecastro.com\/wp-content\/uploads\/2021\/02\/sociedad-colombiana-de-arquitectos.jpg\" class=\"attachment-large size-large wp-image-1916\" alt=\"\" srcset=\"https:\/\/ricardodecastro.com\/wp-content\/uploads\/2021\/02\/sociedad-colombiana-de-arquitectos.jpg 190w, https:\/\/ricardodecastro.com\/wp-content\/uploads\/2021\/02\/sociedad-colombiana-de-arquitectos-150x150.jpg 150w, https:\/\/ricardodecastro.com\/wp-content\/uploads\/2021\/02\/sociedad-colombiana-de-arquitectos-12x12.jpg 12w\" sizes=\"(max-width: 190px) 100vw, 190px\" \/>\t\t\t\t\t\t\t\t\t\t\t\t\t\t\t<\/div>\n\t\t\t\t<\/div>\n\t\t\t\t\t<\/div>\n\t\t<\/div>\n\t\t\t\t<div class=\"elementor-column elementor-col-50 elementor-top-column elementor-element elementor-element-c1b49ee\" data-id=\"c1b49ee\" data-element_type=\"column\" data-e-type=\"column\">\n\t\t\t<div class=\"elementor-widget-wrap elementor-element-populated\">\n\t\t\t\t\t\t<div class=\"elementor-element elementor-element-737fa712 elementor-widget elementor-widget-image\" data-id=\"737fa712\" data-element_type=\"widget\" data-e-type=\"widget\" data-widget_type=\"image.default\">\n\t\t\t\t<div class=\"elementor-widget-container\">\n\t\t\t\t\t\t\t\t\t\t\t\t\t\t\t<img fetchpriority=\"high\" decoding=\"async\" width=\"399\" height=\"230\" src=\"https:\/\/ricardodecastro.com\/wp-content\/uploads\/2021\/02\/bienal-colombiana.png\" class=\"attachment-large size-large wp-image-1917\" alt=\"\" srcset=\"https:\/\/ricardodecastro.com\/wp-content\/uploads\/2021\/02\/bienal-colombiana.png 399w, https:\/\/ricardodecastro.com\/wp-content\/uploads\/2021\/02\/bienal-colombiana-300x173.png 300w, https:\/\/ricardodecastro.com\/wp-content\/uploads\/2021\/02\/bienal-colombiana-16x9.png 16w\" sizes=\"(max-width: 399px) 100vw, 399px\" \/>\t\t\t\t\t\t\t\t\t\t\t\t\t\t\t<\/div>\n\t\t\t\t<\/div>\n\t\t\t\t\t<\/div>\n\t\t<\/div>\n\t\t\t\t\t<\/div>\n\t\t<\/section>\n\t\t\t\t<section class=\"elementor-section elementor-top-section elementor-element elementor-element-77fae9b7 elementor-section-boxed elementor-section-height-default elementor-section-height-default\" data-id=\"77fae9b7\" data-element_type=\"section\" data-e-type=\"section\">\n\t\t\t\t\t\t<div class=\"elementor-container elementor-column-gap-default\">\n\t\t\t\t\t<div class=\"elementor-column elementor-col-100 elementor-top-column elementor-element elementor-element-78a530f6\" data-id=\"78a530f6\" data-element_type=\"column\" data-e-type=\"column\">\n\t\t\t<div class=\"elementor-widget-wrap elementor-element-populated\">\n\t\t\t\t\t\t<div class=\"elementor-element elementor-element-698d2fbf elementor-widget elementor-widget-gallery\" data-id=\"698d2fbf\" data-element_type=\"widget\" data-e-type=\"widget\" data-settings=\"{&quot;gallery_layout&quot;:&quot;justified&quot;,&quot;lazyload&quot;:&quot;yes&quot;,&quot;ideal_row_height&quot;:{&quot;unit&quot;:&quot;px&quot;,&quot;size&quot;:200,&quot;sizes&quot;:[]},&quot;ideal_row_height_laptop&quot;:{&quot;unit&quot;:&quot;px&quot;,&quot;size&quot;:150,&quot;sizes&quot;:[]},&quot;ideal_row_height_tablet&quot;:{&quot;unit&quot;:&quot;px&quot;,&quot;size&quot;:150,&quot;sizes&quot;:[]},&quot;ideal_row_height_mobile&quot;:{&quot;unit&quot;:&quot;px&quot;,&quot;size&quot;:150,&quot;sizes&quot;:[]},&quot;gap&quot;:{&quot;unit&quot;:&quot;px&quot;,&quot;size&quot;:10,&quot;sizes&quot;:[]},&quot;gap_laptop&quot;:{&quot;unit&quot;:&quot;px&quot;,&quot;size&quot;:10,&quot;sizes&quot;:[]},&quot;gap_tablet&quot;:{&quot;unit&quot;:&quot;px&quot;,&quot;size&quot;:10,&quot;sizes&quot;:[]},&quot;gap_mobile&quot;:{&quot;unit&quot;:&quot;px&quot;,&quot;size&quot;:10,&quot;sizes&quot;:[]},&quot;link_to&quot;:&quot;file&quot;,&quot;overlay_background&quot;:&quot;yes&quot;,&quot;content_hover_animation&quot;:&quot;fade-in&quot;}\" data-widget_type=\"gallery.default\">\n\t\t\t\t<div class=\"elementor-widget-container\">\n\t\t\t\t\t\t\t<div class=\"elementor-gallery__container\">\n\t\t\t\t\t\t\t<a class=\"e-gallery-item elementor-gallery-item elementor-animated-content\" href=\"https:\/\/ricardodecastro.com\/wp-content\/uploads\/2021\/02\/el-cielo-19.jpg\" data-elementor-open-lightbox=\"yes\" data-elementor-lightbox-slideshow=\"698d2fbf\" data-elementor-lightbox-title=\"el-cielo-19\" data-e-action-hash=\"#elementor-action%3Aaction%3Dlightbox%26settings%3DeyJpZCI6MTc2MSwidXJsIjoiaHR0cHM6XC9cL3JpY2FyZG9kZWNhc3Ryby5jb21cL3dwLWNvbnRlbnRcL3VwbG9hZHNcLzIwMjFcLzAyXC9lbC1jaWVsby0xOS5qcGciLCJzbGlkZXNob3ciOiI2OThkMmZiZiJ9\">\n\t\t\t\t\t<div class=\"e-gallery-image elementor-gallery-item__image\" data-thumbnail=\"https:\/\/ricardodecastro.com\/wp-content\/uploads\/2021\/02\/el-cielo-19-768x555.jpg\" data-width=\"768\" data-height=\"555\" aria-label=\"\" role=\"img\" ><\/div>\n\t\t\t\t\t\t\t\t\t\t\t<div class=\"elementor-gallery-item__overlay\"><\/div>\n\t\t\t\t\t\t\t\t\t\t\t\t\t\t<\/a>\n\t\t\t\t\t\t\t<a class=\"e-gallery-item elementor-gallery-item elementor-animated-content\" href=\"https:\/\/ricardodecastro.com\/wp-content\/uploads\/2021\/02\/el-cielo-18.jpg\" data-elementor-open-lightbox=\"yes\" data-elementor-lightbox-slideshow=\"698d2fbf\" data-elementor-lightbox-title=\"el-cielo-18\" data-e-action-hash=\"#elementor-action%3Aaction%3Dlightbox%26settings%3DeyJpZCI6MTc2MCwidXJsIjoiaHR0cHM6XC9cL3JpY2FyZG9kZWNhc3Ryby5jb21cL3dwLWNvbnRlbnRcL3VwbG9hZHNcLzIwMjFcLzAyXC9lbC1jaWVsby0xOC5qcGciLCJzbGlkZXNob3ciOiI2OThkMmZiZiJ9\">\n\t\t\t\t\t<div class=\"e-gallery-image elementor-gallery-item__image\" data-thumbnail=\"https:\/\/ricardodecastro.com\/wp-content\/uploads\/2021\/02\/el-cielo-18-768x512.jpg\" data-width=\"768\" data-height=\"512\" aria-label=\"\" role=\"img\" ><\/div>\n\t\t\t\t\t\t\t\t\t\t\t<div class=\"elementor-gallery-item__overlay\"><\/div>\n\t\t\t\t\t\t\t\t\t\t\t\t\t\t<\/a>\n\t\t\t\t\t\t\t<a class=\"e-gallery-item elementor-gallery-item elementor-animated-content\" href=\"https:\/\/ricardodecastro.com\/wp-content\/uploads\/2021\/02\/el-cielo-14.jpg\" data-elementor-open-lightbox=\"yes\" data-elementor-lightbox-slideshow=\"698d2fbf\" data-elementor-lightbox-title=\"el-cielo-14\" data-e-action-hash=\"#elementor-action%3Aaction%3Dlightbox%26settings%3DeyJpZCI6MTc1OSwidXJsIjoiaHR0cHM6XC9cL3JpY2FyZG9kZWNhc3Ryby5jb21cL3dwLWNvbnRlbnRcL3VwbG9hZHNcLzIwMjFcLzAyXC9lbC1jaWVsby0xNC5qcGciLCJzbGlkZXNob3ciOiI2OThkMmZiZiJ9\">\n\t\t\t\t\t<div class=\"e-gallery-image elementor-gallery-item__image\" data-thumbnail=\"https:\/\/ricardodecastro.com\/wp-content\/uploads\/2021\/02\/el-cielo-14-768x582.jpg\" data-width=\"768\" data-height=\"582\" aria-label=\"\" role=\"img\" ><\/div>\n\t\t\t\t\t\t\t\t\t\t\t<div class=\"elementor-gallery-item__overlay\"><\/div>\n\t\t\t\t\t\t\t\t\t\t\t\t\t\t<\/a>\n\t\t\t\t\t\t\t<a class=\"e-gallery-item elementor-gallery-item elementor-animated-content\" href=\"https:\/\/ricardodecastro.com\/wp-content\/uploads\/2021\/02\/el-cielo-13.jpg\" data-elementor-open-lightbox=\"yes\" data-elementor-lightbox-slideshow=\"698d2fbf\" data-elementor-lightbox-title=\"el-cielo-13\" data-e-action-hash=\"#elementor-action%3Aaction%3Dlightbox%26settings%3DeyJpZCI6MTc1OCwidXJsIjoiaHR0cHM6XC9cL3JpY2FyZG9kZWNhc3Ryby5jb21cL3dwLWNvbnRlbnRcL3VwbG9hZHNcLzIwMjFcLzAyXC9lbC1jaWVsby0xMy5qcGciLCJzbGlkZXNob3ciOiI2OThkMmZiZiJ9\">\n\t\t\t\t\t<div class=\"e-gallery-image elementor-gallery-item__image\" data-thumbnail=\"https:\/\/ricardodecastro.com\/wp-content\/uploads\/2021\/02\/el-cielo-13-768x368.jpg\" data-width=\"768\" data-height=\"368\" aria-label=\"\" role=\"img\" ><\/div>\n\t\t\t\t\t\t\t\t\t\t\t<div class=\"elementor-gallery-item__overlay\"><\/div>\n\t\t\t\t\t\t\t\t\t\t\t\t\t\t<\/a>\n\t\t\t\t\t\t\t<a class=\"e-gallery-item elementor-gallery-item elementor-animated-content\" href=\"https:\/\/ricardodecastro.com\/wp-content\/uploads\/2021\/02\/el-cielo-12.jpg\" data-elementor-open-lightbox=\"yes\" data-elementor-lightbox-slideshow=\"698d2fbf\" data-elementor-lightbox-title=\"el-cielo-12\" data-e-action-hash=\"#elementor-action%3Aaction%3Dlightbox%26settings%3DeyJpZCI6MTc1NywidXJsIjoiaHR0cHM6XC9cL3JpY2FyZG9kZWNhc3Ryby5jb21cL3dwLWNvbnRlbnRcL3VwbG9hZHNcLzIwMjFcLzAyXC9lbC1jaWVsby0xMi5qcGciLCJzbGlkZXNob3ciOiI2OThkMmZiZiJ9\">\n\t\t\t\t\t<div class=\"e-gallery-image elementor-gallery-item__image\" data-thumbnail=\"https:\/\/ricardodecastro.com\/wp-content\/uploads\/2021\/02\/el-cielo-12-768x665.jpg\" data-width=\"768\" data-height=\"665\" aria-label=\"\" role=\"img\" ><\/div>\n\t\t\t\t\t\t\t\t\t\t\t<div class=\"elementor-gallery-item__overlay\"><\/div>\n\t\t\t\t\t\t\t\t\t\t\t\t\t\t<\/a>\n\t\t\t\t\t\t\t<a class=\"e-gallery-item elementor-gallery-item elementor-animated-content\" href=\"https:\/\/ricardodecastro.com\/wp-content\/uploads\/2021\/02\/el-cielo-9_2.jpg\" data-elementor-open-lightbox=\"yes\" data-elementor-lightbox-slideshow=\"698d2fbf\" data-elementor-lightbox-title=\"el-cielo-9_2\" data-e-action-hash=\"#elementor-action%3Aaction%3Dlightbox%26settings%3DeyJpZCI6MTc1NSwidXJsIjoiaHR0cHM6XC9cL3JpY2FyZG9kZWNhc3Ryby5jb21cL3dwLWNvbnRlbnRcL3VwbG9hZHNcLzIwMjFcLzAyXC9lbC1jaWVsby05XzIuanBnIiwic2xpZGVzaG93IjoiNjk4ZDJmYmYifQ%3D%3D\">\n\t\t\t\t\t<div class=\"e-gallery-image elementor-gallery-item__image\" data-thumbnail=\"https:\/\/ricardodecastro.com\/wp-content\/uploads\/2021\/02\/el-cielo-9_2-768x908.jpg\" data-width=\"768\" data-height=\"908\" aria-label=\"\" role=\"img\" ><\/div>\n\t\t\t\t\t\t\t\t\t\t\t<div class=\"elementor-gallery-item__overlay\"><\/div>\n\t\t\t\t\t\t\t\t\t\t\t\t\t\t<\/a>\n\t\t\t\t\t\t\t<a class=\"e-gallery-item elementor-gallery-item elementor-animated-content\" href=\"https:\/\/ricardodecastro.com\/wp-content\/uploads\/2021\/02\/el-cielo-6.jpg\" data-elementor-open-lightbox=\"yes\" data-elementor-lightbox-slideshow=\"698d2fbf\" data-elementor-lightbox-title=\"el-cielo-6\" data-e-action-hash=\"#elementor-action%3Aaction%3Dlightbox%26settings%3DeyJpZCI6MTc1NCwidXJsIjoiaHR0cHM6XC9cL3JpY2FyZG9kZWNhc3Ryby5jb21cL3dwLWNvbnRlbnRcL3VwbG9hZHNcLzIwMjFcLzAyXC9lbC1jaWVsby02LmpwZyIsInNsaWRlc2hvdyI6IjY5OGQyZmJmIn0%3D\">\n\t\t\t\t\t<div class=\"e-gallery-image elementor-gallery-item__image\" data-thumbnail=\"https:\/\/ricardodecastro.com\/wp-content\/uploads\/2021\/02\/el-cielo-6-768x885.jpg\" data-width=\"768\" data-height=\"885\" aria-label=\"\" role=\"img\" ><\/div>\n\t\t\t\t\t\t\t\t\t\t\t<div class=\"elementor-gallery-item__overlay\"><\/div>\n\t\t\t\t\t\t\t\t\t\t\t\t\t\t<\/a>\n\t\t\t\t\t\t\t<a class=\"e-gallery-item elementor-gallery-item elementor-animated-content\" href=\"https:\/\/ricardodecastro.com\/wp-content\/uploads\/2021\/02\/el-cielo-5.jpg\" data-elementor-open-lightbox=\"yes\" data-elementor-lightbox-slideshow=\"698d2fbf\" data-elementor-lightbox-title=\"el-cielo-5\" data-e-action-hash=\"#elementor-action%3Aaction%3Dlightbox%26settings%3DeyJpZCI6MTc1MywidXJsIjoiaHR0cHM6XC9cL3JpY2FyZG9kZWNhc3Ryby5jb21cL3dwLWNvbnRlbnRcL3VwbG9hZHNcLzIwMjFcLzAyXC9lbC1jaWVsby01LmpwZyIsInNsaWRlc2hvdyI6IjY5OGQyZmJmIn0%3D\">\n\t\t\t\t\t<div class=\"e-gallery-image elementor-gallery-item__image\" data-thumbnail=\"https:\/\/ricardodecastro.com\/wp-content\/uploads\/2021\/02\/el-cielo-5-768x496.jpg\" data-width=\"768\" data-height=\"496\" aria-label=\"\" role=\"img\" ><\/div>\n\t\t\t\t\t\t\t\t\t\t\t<div class=\"elementor-gallery-item__overlay\"><\/div>\n\t\t\t\t\t\t\t\t\t\t\t\t\t\t<\/a>\n\t\t\t\t\t\t\t<a class=\"e-gallery-item elementor-gallery-item elementor-animated-content\" href=\"https:\/\/ricardodecastro.com\/wp-content\/uploads\/2021\/02\/el-cielo-3_02.jpg\" data-elementor-open-lightbox=\"yes\" data-elementor-lightbox-slideshow=\"698d2fbf\" data-elementor-lightbox-title=\"el-cielo-3_02\" data-e-action-hash=\"#elementor-action%3Aaction%3Dlightbox%26settings%3DeyJpZCI6MTc1MiwidXJsIjoiaHR0cHM6XC9cL3JpY2FyZG9kZWNhc3Ryby5jb21cL3dwLWNvbnRlbnRcL3VwbG9hZHNcLzIwMjFcLzAyXC9lbC1jaWVsby0zXzAyLmpwZyIsInNsaWRlc2hvdyI6IjY5OGQyZmJmIn0%3D\">\n\t\t\t\t\t<div class=\"e-gallery-image elementor-gallery-item__image\" data-thumbnail=\"https:\/\/ricardodecastro.com\/wp-content\/uploads\/2021\/02\/el-cielo-3_02-768x512.jpg\" data-width=\"768\" data-height=\"512\" aria-label=\"\" role=\"img\" ><\/div>\n\t\t\t\t\t\t\t\t\t\t\t<div class=\"elementor-gallery-item__overlay\"><\/div>\n\t\t\t\t\t\t\t\t\t\t\t\t\t\t<\/a>\n\t\t\t\t\t\t\t<a class=\"e-gallery-item elementor-gallery-item elementor-animated-content\" href=\"https:\/\/ricardodecastro.com\/wp-content\/uploads\/2021\/02\/el-cielo-03.jpg\" data-elementor-open-lightbox=\"yes\" data-elementor-lightbox-slideshow=\"698d2fbf\" data-elementor-lightbox-title=\"el-cielo-03\" data-e-action-hash=\"#elementor-action%3Aaction%3Dlightbox%26settings%3DeyJpZCI6MTc1MSwidXJsIjoiaHR0cHM6XC9cL3JpY2FyZG9kZWNhc3Ryby5jb21cL3dwLWNvbnRlbnRcL3VwbG9hZHNcLzIwMjFcLzAyXC9lbC1jaWVsby0wMy5qcGciLCJzbGlkZXNob3ciOiI2OThkMmZiZiJ9\">\n\t\t\t\t\t<div class=\"e-gallery-image elementor-gallery-item__image\" data-thumbnail=\"https:\/\/ricardodecastro.com\/wp-content\/uploads\/2021\/02\/el-cielo-03-768x432.jpg\" data-width=\"768\" data-height=\"432\" aria-label=\"\" role=\"img\" ><\/div>\n\t\t\t\t\t\t\t\t\t\t\t<div class=\"elementor-gallery-item__overlay\"><\/div>\n\t\t\t\t\t\t\t\t\t\t\t\t\t\t<\/a>\n\t\t\t\t\t\t\t<a class=\"e-gallery-item elementor-gallery-item elementor-animated-content\" href=\"https:\/\/ricardodecastro.com\/wp-content\/uploads\/2021\/02\/el-cielo-000.jpg\" data-elementor-open-lightbox=\"yes\" data-elementor-lightbox-slideshow=\"698d2fbf\" data-elementor-lightbox-title=\"el-cielo-000\" data-e-action-hash=\"#elementor-action%3Aaction%3Dlightbox%26settings%3DeyJpZCI6MTc1MCwidXJsIjoiaHR0cHM6XC9cL3JpY2FyZG9kZWNhc3Ryby5jb21cL3dwLWNvbnRlbnRcL3VwbG9hZHNcLzIwMjFcLzAyXC9lbC1jaWVsby0wMDAuanBnIiwic2xpZGVzaG93IjoiNjk4ZDJmYmYifQ%3D%3D\">\n\t\t\t\t\t<div class=\"e-gallery-image elementor-gallery-item__image\" data-thumbnail=\"https:\/\/ricardodecastro.com\/wp-content\/uploads\/2021\/02\/el-cielo-000-768x499.jpg\" data-width=\"768\" data-height=\"499\" aria-label=\"\" role=\"img\" ><\/div>\n\t\t\t\t\t\t\t\t\t\t\t<div class=\"elementor-gallery-item__overlay\"><\/div>\n\t\t\t\t\t\t\t\t\t\t\t\t\t\t<\/a>\n\t\t\t\t\t\t\t<a class=\"e-gallery-item elementor-gallery-item elementor-animated-content\" href=\"https:\/\/ricardodecastro.com\/wp-content\/uploads\/2021\/01\/blog-el-cielo-18-1-med.jpg\" data-elementor-open-lightbox=\"yes\" data-elementor-lightbox-slideshow=\"698d2fbf\" data-elementor-lightbox-title=\"blog-el-cielo-18-1-med\" data-e-action-hash=\"#elementor-action%3Aaction%3Dlightbox%26settings%3DeyJpZCI6NTYwLCJ1cmwiOiJodHRwczpcL1wvcmljYXJkb2RlY2FzdHJvLmNvbVwvd3AtY29udGVudFwvdXBsb2Fkc1wvMjAyMVwvMDFcL2Jsb2ctZWwtY2llbG8tMTgtMS1tZWQuanBnIiwic2xpZGVzaG93IjoiNjk4ZDJmYmYifQ%3D%3D\">\n\t\t\t\t\t<div class=\"e-gallery-image elementor-gallery-item__image\" data-thumbnail=\"https:\/\/ricardodecastro.com\/wp-content\/uploads\/2021\/01\/blog-el-cielo-18-1-med-768x432.jpg\" data-width=\"768\" data-height=\"432\" aria-label=\"\" role=\"img\" ><\/div>\n\t\t\t\t\t\t\t\t\t\t\t<div class=\"elementor-gallery-item__overlay\"><\/div>\n\t\t\t\t\t\t\t\t\t\t\t\t\t\t<\/a>\n\t\t\t\t\t<\/div>\n\t\t\t\t\t<\/div>\n\t\t\t\t<\/div>\n\t\t\t\t\t<\/div>\n\t\t<\/div>\n\t\t\t\t\t<\/div>\n\t\t<\/section>\n\t\t\t\t<section class=\"elementor-section elementor-top-section elementor-element elementor-element-b47492d elementor-section-boxed elementor-section-height-default elementor-section-height-default\" data-id=\"b47492d\" data-element_type=\"section\" data-e-type=\"section\">\n\t\t\t\t\t\t<div class=\"elementor-container elementor-column-gap-default\">\n\t\t\t\t\t<div class=\"elementor-column elementor-col-100 elementor-top-column elementor-element elementor-element-4ae5d7df\" data-id=\"4ae5d7df\" data-element_type=\"column\" data-e-type=\"column\">\n\t\t\t<div class=\"elementor-widget-wrap\">\n\t\t\t\t\t\t\t<\/div>\n\t\t<\/div>\n\t\t\t\t\t<\/div>\n\t\t<\/section>\n\t\t\t\t<\/div>","protected":false},"excerpt":{"rendered":"<p>El Cielo A special residential project is hidden in the depths of the Colombian mountains of the Sierra Nevada, located on Vereda Bella Vista, via San Lorenzo. At a height of 1890 m, this two-level house is built for residential-holiday use reflecting the beauty of the ancestral indigenous land with contemporary luxuries and comfort, characterized &#8230; <a title=\"El Cielo - Sociedad Colombiana de Arquitectos\" class=\"read-more\" href=\"https:\/\/ricardodecastro.com\/esp\/el-cielo-colombian-society-of-architects\/\" aria-label=\"Leer m\u00e1s sobre El Cielo &#8211; Colombian Society of Architects\">Leer m\u00e1s<\/a><\/p>","protected":false},"author":1,"featured_media":1751,"comment_status":"closed","ping_status":"open","sticky":false,"template":"elementor_header_footer","format":"standard","meta":{"_acf_changed":false,"footnotes":""},"categories":[16],"tags":[],"class_list":["post-1903","post","type-post","status-publish","format-standard","has-post-thumbnail","hentry","category-awards"],"acf":[],"yoast_head":"<!-- This site is optimized with the Yoast SEO plugin v27.1.1 - https:\/\/yoast.com\/product\/yoast-seo-wordpress\/ -->\n<title>El Cielo - Colombian Society of Architects - Ricardo de Castro<\/title>\n<meta name=\"robots\" content=\"index, follow, max-snippet:-1, max-image-preview:large, max-video-preview:-1\" \/>\n<link rel=\"canonical\" href=\"https:\/\/ricardodecastro.com\/esp\/el-cielo-colombian-society-of-architects\/\" \/>\n<meta property=\"og:locale\" content=\"es_ES\" \/>\n<meta property=\"og:type\" content=\"article\" \/>\n<meta property=\"og:title\" content=\"El Cielo - Colombian Society of Architects - Ricardo de Castro\" \/>\n<meta property=\"og:description\" content=\"El Cielo A special residential project is hidden in the depths of the Colombian mountains of the Sierra Nevada, located on Vereda Bella Vista, via San Lorenzo. At a height of 1890 m, this two-level house is built for residential-holiday use reflecting the beauty of the ancestral indigenous land with contemporary luxuries and comfort, characterized ... Leer m\u00e1s\" \/>\n<meta property=\"og:url\" content=\"https:\/\/ricardodecastro.com\/esp\/el-cielo-colombian-society-of-architects\/\" \/>\n<meta property=\"og:site_name\" content=\"Ricardo de Castro\" \/>\n<meta property=\"article:publisher\" content=\"https:\/\/www.facebook.com\/Ricardo-De-Castro-Arquitectura-Interiores-501964786482241\/\" \/>\n<meta property=\"article:published_time\" content=\"2021-02-15T15:44:06+00:00\" \/>\n<meta property=\"article:modified_time\" content=\"2021-06-15T21:02:24+00:00\" \/>\n<meta property=\"og:image\" content=\"https:\/\/ricardodecastro.com\/wp-content\/uploads\/2021\/02\/el-cielo-03.jpg\" \/>\n\t<meta property=\"og:image:width\" content=\"1920\" \/>\n\t<meta property=\"og:image:height\" content=\"1080\" \/>\n\t<meta property=\"og:image:type\" content=\"image\/jpeg\" \/>\n<meta name=\"author\" content=\"bmoreno\" \/>\n<meta name=\"twitter:card\" content=\"summary_large_image\" \/>\n<meta name=\"twitter:label1\" content=\"Escrito por\" \/>\n\t<meta name=\"twitter:data1\" content=\"bmoreno\" \/>\n\t<meta name=\"twitter:label2\" content=\"Tiempo de lectura\" \/>\n\t<meta name=\"twitter:data2\" content=\"3 minutos\" \/>\n<script type=\"application\/ld+json\" class=\"yoast-schema-graph\">{\"@context\":\"https:\/\/schema.org\",\"@graph\":[{\"@type\":\"Article\",\"@id\":\"https:\/\/ricardodecastro.com\/el-cielo-colombian-society-of-architects\/#article\",\"isPartOf\":{\"@id\":\"https:\/\/ricardodecastro.com\/el-cielo-colombian-society-of-architects\/\"},\"author\":{\"name\":\"bmoreno\",\"@id\":\"https:\/\/ricardodecastro.com\/#\/schema\/person\/095a189f47ebbb7df3ce63e832b4eaf8\"},\"headline\":\"El Cielo &#8211; Colombian Society of Architects\",\"datePublished\":\"2021-02-15T15:44:06+00:00\",\"dateModified\":\"2021-06-15T21:02:24+00:00\",\"mainEntityOfPage\":{\"@id\":\"https:\/\/ricardodecastro.com\/el-cielo-colombian-society-of-architects\/\"},\"wordCount\":485,\"publisher\":{\"@id\":\"https:\/\/ricardodecastro.com\/#organization\"},\"image\":{\"@id\":\"https:\/\/ricardodecastro.com\/el-cielo-colombian-society-of-architects\/#primaryimage\"},\"thumbnailUrl\":\"https:\/\/ricardodecastro.com\/wp-content\/uploads\/2021\/02\/el-cielo-03.jpg\",\"articleSection\":[\"Awards\"],\"inLanguage\":\"es\"},{\"@type\":\"WebPage\",\"@id\":\"https:\/\/ricardodecastro.com\/el-cielo-colombian-society-of-architects\/\",\"url\":\"https:\/\/ricardodecastro.com\/el-cielo-colombian-society-of-architects\/\",\"name\":\"El Cielo - Colombian Society of Architects - Ricardo de Castro\",\"isPartOf\":{\"@id\":\"https:\/\/ricardodecastro.com\/#website\"},\"primaryImageOfPage\":{\"@id\":\"https:\/\/ricardodecastro.com\/el-cielo-colombian-society-of-architects\/#primaryimage\"},\"image\":{\"@id\":\"https:\/\/ricardodecastro.com\/el-cielo-colombian-society-of-architects\/#primaryimage\"},\"thumbnailUrl\":\"https:\/\/ricardodecastro.com\/wp-content\/uploads\/2021\/02\/el-cielo-03.jpg\",\"datePublished\":\"2021-02-15T15:44:06+00:00\",\"dateModified\":\"2021-06-15T21:02:24+00:00\",\"breadcrumb\":{\"@id\":\"https:\/\/ricardodecastro.com\/el-cielo-colombian-society-of-architects\/#breadcrumb\"},\"inLanguage\":\"es\",\"potentialAction\":[{\"@type\":\"ReadAction\",\"target\":[\"https:\/\/ricardodecastro.com\/el-cielo-colombian-society-of-architects\/\"]}]},{\"@type\":\"ImageObject\",\"inLanguage\":\"es\",\"@id\":\"https:\/\/ricardodecastro.com\/el-cielo-colombian-society-of-architects\/#primaryimage\",\"url\":\"https:\/\/ricardodecastro.com\/wp-content\/uploads\/2021\/02\/el-cielo-03.jpg\",\"contentUrl\":\"https:\/\/ricardodecastro.com\/wp-content\/uploads\/2021\/02\/el-cielo-03.jpg\",\"width\":1920,\"height\":1080},{\"@type\":\"BreadcrumbList\",\"@id\":\"https:\/\/ricardodecastro.com\/el-cielo-colombian-society-of-architects\/#breadcrumb\",\"itemListElement\":[{\"@type\":\"ListItem\",\"position\":1,\"name\":\"Home\",\"item\":\"https:\/\/ricardodecastro.com\/\"},{\"@type\":\"ListItem\",\"position\":2,\"name\":\"El Cielo &#8211; Colombian Society of Architects\"}]},{\"@type\":\"WebSite\",\"@id\":\"https:\/\/ricardodecastro.com\/#website\",\"url\":\"https:\/\/ricardodecastro.com\/\",\"name\":\"Ricardo de Castro\",\"description\":\"Arquitectos\",\"publisher\":{\"@id\":\"https:\/\/ricardodecastro.com\/#organization\"},\"potentialAction\":[{\"@type\":\"SearchAction\",\"target\":{\"@type\":\"EntryPoint\",\"urlTemplate\":\"https:\/\/ricardodecastro.com\/?s={search_term_string}\"},\"query-input\":{\"@type\":\"PropertyValueSpecification\",\"valueRequired\":true,\"valueName\":\"search_term_string\"}}],\"inLanguage\":\"es\"},{\"@type\":\"Organization\",\"@id\":\"https:\/\/ricardodecastro.com\/#organization\",\"name\":\"Ricardo de Castro\",\"url\":\"https:\/\/ricardodecastro.com\/\",\"logo\":{\"@type\":\"ImageObject\",\"inLanguage\":\"es\",\"@id\":\"https:\/\/ricardodecastro.com\/#\/schema\/logo\/image\/\",\"url\":\"https:\/\/ricardodecastro.com\/wp-content\/uploads\/2021\/01\/firma-con-textos-abajo.png\",\"contentUrl\":\"https:\/\/ricardodecastro.com\/wp-content\/uploads\/2021\/01\/firma-con-textos-abajo.png\",\"width\":758,\"height\":133,\"caption\":\"Ricardo de Castro\"},\"image\":{\"@id\":\"https:\/\/ricardodecastro.com\/#\/schema\/logo\/image\/\"},\"sameAs\":[\"https:\/\/www.facebook.com\/Ricardo-De-Castro-Arquitectura-Interiores-501964786482241\/\",\"https:\/\/www.instagram.com\/decastroricardo\/\"]},{\"@type\":\"Person\",\"@id\":\"https:\/\/ricardodecastro.com\/#\/schema\/person\/095a189f47ebbb7df3ce63e832b4eaf8\",\"name\":\"bmoreno\",\"image\":{\"@type\":\"ImageObject\",\"inLanguage\":\"es\",\"@id\":\"https:\/\/ricardodecastro.com\/#\/schema\/person\/image\/\",\"url\":\"https:\/\/ricardodecastro.com\/wp-content\/litespeed\/avatar\/5d31df51d2df3a2a693db780f60bf9f0.jpg?ver=1776969675\",\"contentUrl\":\"https:\/\/ricardodecastro.com\/wp-content\/litespeed\/avatar\/5d31df51d2df3a2a693db780f60bf9f0.jpg?ver=1776969675\",\"caption\":\"bmoreno\"},\"sameAs\":[\"https:\/\/ricardodecastro.com\"]}]}<\/script>\n<!-- \/ Yoast SEO plugin. -->","yoast_head_json":{"title":"El Cielo - Colombian Society of Architects - Ricardo de Castro","robots":{"index":"index","follow":"follow","max-snippet":"max-snippet:-1","max-image-preview":"max-image-preview:large","max-video-preview":"max-video-preview:-1"},"canonical":"https:\/\/ricardodecastro.com\/esp\/el-cielo-colombian-society-of-architects\/","og_locale":"es_ES","og_type":"article","og_title":"El Cielo - Colombian Society of Architects - Ricardo de Castro","og_description":"El Cielo A special residential project is hidden in the depths of the Colombian mountains of the Sierra Nevada, located on Vereda Bella Vista, via San Lorenzo. At a height of 1890 m, this two-level house is built for residential-holiday use reflecting the beauty of the ancestral indigenous land with contemporary luxuries and comfort, characterized ... Leer m\u00e1s","og_url":"https:\/\/ricardodecastro.com\/esp\/el-cielo-colombian-society-of-architects\/","og_site_name":"Ricardo de Castro","article_publisher":"https:\/\/www.facebook.com\/Ricardo-De-Castro-Arquitectura-Interiores-501964786482241\/","article_published_time":"2021-02-15T15:44:06+00:00","article_modified_time":"2021-06-15T21:02:24+00:00","og_image":[{"width":1920,"height":1080,"url":"https:\/\/ricardodecastro.com\/wp-content\/uploads\/2021\/02\/el-cielo-03.jpg","type":"image\/jpeg"}],"author":"bmoreno","twitter_card":"summary_large_image","twitter_misc":{"Escrito por":"bmoreno","Tiempo de lectura":"3 minutos"},"schema":{"@context":"https:\/\/schema.org","@graph":[{"@type":"Article","@id":"https:\/\/ricardodecastro.com\/el-cielo-colombian-society-of-architects\/#article","isPartOf":{"@id":"https:\/\/ricardodecastro.com\/el-cielo-colombian-society-of-architects\/"},"author":{"name":"bmoreno","@id":"https:\/\/ricardodecastro.com\/#\/schema\/person\/095a189f47ebbb7df3ce63e832b4eaf8"},"headline":"El Cielo &#8211; Colombian Society of Architects","datePublished":"2021-02-15T15:44:06+00:00","dateModified":"2021-06-15T21:02:24+00:00","mainEntityOfPage":{"@id":"https:\/\/ricardodecastro.com\/el-cielo-colombian-society-of-architects\/"},"wordCount":485,"publisher":{"@id":"https:\/\/ricardodecastro.com\/#organization"},"image":{"@id":"https:\/\/ricardodecastro.com\/el-cielo-colombian-society-of-architects\/#primaryimage"},"thumbnailUrl":"https:\/\/ricardodecastro.com\/wp-content\/uploads\/2021\/02\/el-cielo-03.jpg","articleSection":["Awards"],"inLanguage":"es"},{"@type":"WebPage","@id":"https:\/\/ricardodecastro.com\/el-cielo-colombian-society-of-architects\/","url":"https:\/\/ricardodecastro.com\/el-cielo-colombian-society-of-architects\/","name":"El Cielo - Colombian Society of Architects - Ricardo de Castro","isPartOf":{"@id":"https:\/\/ricardodecastro.com\/#website"},"primaryImageOfPage":{"@id":"https:\/\/ricardodecastro.com\/el-cielo-colombian-society-of-architects\/#primaryimage"},"image":{"@id":"https:\/\/ricardodecastro.com\/el-cielo-colombian-society-of-architects\/#primaryimage"},"thumbnailUrl":"https:\/\/ricardodecastro.com\/wp-content\/uploads\/2021\/02\/el-cielo-03.jpg","datePublished":"2021-02-15T15:44:06+00:00","dateModified":"2021-06-15T21:02:24+00:00","breadcrumb":{"@id":"https:\/\/ricardodecastro.com\/el-cielo-colombian-society-of-architects\/#breadcrumb"},"inLanguage":"es","potentialAction":[{"@type":"ReadAction","target":["https:\/\/ricardodecastro.com\/el-cielo-colombian-society-of-architects\/"]}]},{"@type":"ImageObject","inLanguage":"es","@id":"https:\/\/ricardodecastro.com\/el-cielo-colombian-society-of-architects\/#primaryimage","url":"https:\/\/ricardodecastro.com\/wp-content\/uploads\/2021\/02\/el-cielo-03.jpg","contentUrl":"https:\/\/ricardodecastro.com\/wp-content\/uploads\/2021\/02\/el-cielo-03.jpg","width":1920,"height":1080},{"@type":"BreadcrumbList","@id":"https:\/\/ricardodecastro.com\/el-cielo-colombian-society-of-architects\/#breadcrumb","itemListElement":[{"@type":"ListItem","position":1,"name":"Home","item":"https:\/\/ricardodecastro.com\/"},{"@type":"ListItem","position":2,"name":"El Cielo &#8211; Colombian Society of Architects"}]},{"@type":"WebSite","@id":"https:\/\/ricardodecastro.com\/#website","url":"https:\/\/ricardodecastro.com\/","name":"Ricardo de Castro","description":"Arquitectos","publisher":{"@id":"https:\/\/ricardodecastro.com\/#organization"},"potentialAction":[{"@type":"SearchAction","target":{"@type":"EntryPoint","urlTemplate":"https:\/\/ricardodecastro.com\/?s={search_term_string}"},"query-input":{"@type":"PropertyValueSpecification","valueRequired":true,"valueName":"search_term_string"}}],"inLanguage":"es"},{"@type":"Organization","@id":"https:\/\/ricardodecastro.com\/#organization","name":"Ricardo de Castro","url":"https:\/\/ricardodecastro.com\/","logo":{"@type":"ImageObject","inLanguage":"es","@id":"https:\/\/ricardodecastro.com\/#\/schema\/logo\/image\/","url":"https:\/\/ricardodecastro.com\/wp-content\/uploads\/2021\/01\/firma-con-textos-abajo.png","contentUrl":"https:\/\/ricardodecastro.com\/wp-content\/uploads\/2021\/01\/firma-con-textos-abajo.png","width":758,"height":133,"caption":"Ricardo de Castro"},"image":{"@id":"https:\/\/ricardodecastro.com\/#\/schema\/logo\/image\/"},"sameAs":["https:\/\/www.facebook.com\/Ricardo-De-Castro-Arquitectura-Interiores-501964786482241\/","https:\/\/www.instagram.com\/decastroricardo\/"]},{"@type":"Person","@id":"https:\/\/ricardodecastro.com\/#\/schema\/person\/095a189f47ebbb7df3ce63e832b4eaf8","name":"bmoreno","image":{"@type":"ImageObject","inLanguage":"es","@id":"https:\/\/ricardodecastro.com\/#\/schema\/person\/image\/","url":"https:\/\/ricardodecastro.com\/wp-content\/litespeed\/avatar\/5d31df51d2df3a2a693db780f60bf9f0.jpg?ver=1776969675","contentUrl":"https:\/\/ricardodecastro.com\/wp-content\/litespeed\/avatar\/5d31df51d2df3a2a693db780f60bf9f0.jpg?ver=1776969675","caption":"bmoreno"},"sameAs":["https:\/\/ricardodecastro.com"]}]}},"_links":{"self":[{"href":"https:\/\/ricardodecastro.com\/esp\/wp-json\/wp\/v2\/posts\/1903","targetHints":{"allow":["GET"]}}],"collection":[{"href":"https:\/\/ricardodecastro.com\/esp\/wp-json\/wp\/v2\/posts"}],"about":[{"href":"https:\/\/ricardodecastro.com\/esp\/wp-json\/wp\/v2\/types\/post"}],"author":[{"embeddable":true,"href":"https:\/\/ricardodecastro.com\/esp\/wp-json\/wp\/v2\/users\/1"}],"replies":[{"embeddable":true,"href":"https:\/\/ricardodecastro.com\/esp\/wp-json\/wp\/v2\/comments?post=1903"}],"version-history":[{"count":35,"href":"https:\/\/ricardodecastro.com\/esp\/wp-json\/wp\/v2\/posts\/1903\/revisions"}],"predecessor-version":[{"id":3686,"href":"https:\/\/ricardodecastro.com\/esp\/wp-json\/wp\/v2\/posts\/1903\/revisions\/3686"}],"wp:featuredmedia":[{"embeddable":true,"href":"https:\/\/ricardodecastro.com\/esp\/wp-json\/wp\/v2\/media\/1751"}],"wp:attachment":[{"href":"https:\/\/ricardodecastro.com\/esp\/wp-json\/wp\/v2\/media?parent=1903"}],"wp:term":[{"taxonomy":"category","embeddable":true,"href":"https:\/\/ricardodecastro.com\/esp\/wp-json\/wp\/v2\/categories?post=1903"},{"taxonomy":"post_tag","embeddable":true,"href":"https:\/\/ricardodecastro.com\/esp\/wp-json\/wp\/v2\/tags?post=1903"}],"curies":[{"name":"wp","href":"https:\/\/api.w.org\/{rel}","templated":true}]}}